{"id":2870,"date":"2017-12-03T21:18:00","date_gmt":"2017-12-03T21:18:00","guid":{"rendered":"http:\/\/defiendase.impulsatuidea.com\/?p=2870"},"modified":"2023-02-10T21:19:45","modified_gmt":"2023-02-10T21:19:45","slug":"jueces-y-parte","status":"publish","type":"post","link":"https:\/\/defiendase.com\/index.php\/jueces-y-parte\/","title":{"rendered":"Jueces y parte"},"content":{"rendered":"\n<h3>Un empleado judicial con actividad gremial se vio afectado por las decisiones arbitrarias de los jueces camaristas de quienes depende. Ahora denuncia a sus jefes por mala administraci\u00f3n, el resultado: m\u00e1s pr\u00e1cticas desleales en su contra.<\/h3>\n\n\n\n<p>Desde principios de 2015 la rutina de Ignacio Manso Bra\u00f1a en la C\u00e1mara Nacional de Apelaciones en lo Criminal y Correccional se convirti\u00f3 en un calvario. Por ese entonces, y con una participaci\u00f3n muy activa en todo lo que tuvo que ver con las reformas penales, fue llegando al terreno sindical.<\/p>\n\n\n\n<p>\u0093Para mantener precarizados a los empleados, hab\u00eda muchos cargos vacantes sin cubrir por decisi\u00f3n de los jueces\u0094, explic\u00f3 y expone que,<strong>&nbsp;en el Poder Judicial, ante un despido el trabajador queda \u0093autom\u00e1ticamente en la calle sin indemnizaci\u00f3n\u0094<\/strong>. Ante eso, y siendo Ignacio el \u00fanico empleado afiliado al gremio de los judiciales, pidi\u00f3 la efectivizaci\u00f3n de sus compa\u00f1eros. \u0093<strong>Los efectivizaron, pero de ah\u00ed en adelante arranc\u00f3 una catarata de hechos, persecuciones y pr\u00e1cticas desleales contra m\u00ed, fruto de la arbitrariedad que gozan muchos jueces\u0094<\/strong>, confes\u00f3.<\/p>\n\n\n\n<figure class=\"wp-block-embed is-type-rich is-provider-gestor-del-servicio wp-block-embed-gestor-del-servicio wp-embed-aspect-16-9 wp-has-aspect-ratio\"><div class=\"wp-block-embed__wrapper\">\n<iframe loading=\"lazy\" title=\"Juez y parte - Defiendase.com I\" width=\"640\" height=\"360\" src=\"https:\/\/www.youtube.com\/embed\/UWpzBd6_n70?feature=oembed\" frameborder=\"0\" allow=\"accelerometer; autoplay; clipboard-write; encrypted-media; gyroscope; picture-in-picture; web-share\" allowfullscreen><\/iframe>\n<\/div><\/figure>\n\n\n\n<p>Manso denuncia&nbsp;<strong>quita de horas y de tareas, prohibici\u00f3n de salir a las reuniones sindicales, demora en el pago del salario y que le negaron varios ascensos<\/strong>. \u0093Ya en 2015 hubo una reducci\u00f3n en la carga de trabajo. El empleado judicial esta legitimado por la cantidad de causas que lleva y al quitarle trabajo a uno, lo deslegitiman frente a sus compa\u00f1eros. Adem\u00e1s,&nbsp;<strong>utilizaron esta cuesti\u00f3n para negarme los ascensos teniendo el mejor promedio para hacerlo<\/strong>\u0094.<\/p>\n\n\n\n<p><strong>Problemas con el sueldo<\/strong>: \u0093me dieron una licencia gremial, el sueldo dej\u00f3 de pag\u00e1rmelo la C\u00e1mara y lo hacia el gremio, cuando me reintegr\u00e9 los jueces se olvidaron de avisar que volv\u00ed y reci\u00e9n lo hicieron el d\u00eda 25 del mes, dos d\u00edas despu\u00e9s del cierre de salario, con lo cual no me pudieron pagar hasta el pr\u00f3ximo mes\u0094.<\/p>\n\n\n\n<p><strong>Recientemente a Ignacio los jueces le van a reducir el sueldo luego de revisar todos los recibos<\/strong>&nbsp;y encontrar un error de c\u00e1lculos en su antig\u00fcedad. Denuncia que no solo le van a pagar menos, sino que&nbsp;<strong>va a tener que devolverle al Poder Judicial $13.000 por lo cobrado de m\u00e1s desde 2008 a la fecha<\/strong>, adem\u00e1s le iniciaron un sumario por haber realizado una batucada frente a la C\u00e1mara.<br><br><img alt=\"\" src=\"https:\/\/www.defiendase.com\/media\/file\/PLACA-CAMARISTAS.gif\"><\/p>\n\n\n\n<p>Los jueces que integran la Sala IV de la C\u00e1mara Criminal y Correccional son los doctores&nbsp;<strong>Alberto Seijas, como presidente, y Mariano Gonz\u00e1lez Palazzo y Carlos Alberto Gonz\u00e1lez<\/strong>, como vocales.<\/p>\n\n\n\n<p>El abogado de Manso se\u00f1al\u00f3 que cuando uno denuncia, lo hace contra el Estado Nacional por las practicas del Poder Judicial.&nbsp;<strong>\u0093Ac\u00e1 los que est\u00e1n implicados son los camaristas, ellos son los perpetradores de esta pr\u00e1ctica desleal\u0094<\/strong>, dijo el denunciante.<\/p>\n\n\n\n<p>\u0093Despu\u00e9s ser\u00e1 el Consejo de la Magistratura en determinar el tipo de responsabilidad que tienen y si le pueden costar un Jury o la destituci\u00f3n.&nbsp;<strong>Sabemos que una de las causales es el mal desempe\u00f1o en sus funciones, no solo con las causas sino tambi\u00e9n con las cuestiones administrativas\u0094.<\/strong><\/p>\n\n\n\n<figure class=\"wp-block-embed is-type-rich is-provider-gestor-del-servicio wp-block-embed-gestor-del-servicio wp-embed-aspect-16-9 wp-has-aspect-ratio\"><div class=\"wp-block-embed__wrapper\">\n<iframe loading=\"lazy\" title=\"Juez y parte - Defiendase.com II\" width=\"640\" height=\"360\" src=\"https:\/\/www.youtube.com\/embed\/GAd1ubXBOE0?feature=oembed\" frameborder=\"0\" allow=\"accelerometer; autoplay; clipboard-write; encrypted-media; gyroscope; picture-in-picture; web-share\" allowfullscreen><\/iframe>\n<\/div><\/figure>\n\n\n\n<p>Manso habla de la arbitrariedad que llegar\u00edan a manejar estos camaristas. \u0093Estamos hablando de un&nbsp;<strong>Poder Judicial en el que los jueces dictan un reglamento fijando las condiciones laborales<\/strong>, ellos toman las designaciones de quienes ascienden o no, y si un empleado tiene la irreverencia de pedir la revisi\u00f3n de esa designaci\u00f3n, son los mismos jueces de la C\u00e1mara los que la revisan\u0094.<\/p>\n\n\n\n<p>En el&nbsp;<strong>Consejo de la Magistratura&nbsp;<\/strong>hicieron una comunicaci\u00f3n informando los hechos que se est\u00e1n produciendo. Hay adem\u00e1s un expediente en la&nbsp;<strong>Corte Suprema<\/strong>&nbsp;por los ascensos postergados, e interviene la&nbsp;<strong>C\u00e1mara Laboral<\/strong>&nbsp;a ra\u00edz de las denuncias iniciadas en los&nbsp;<strong>juzgados 9 y 57<\/strong>. Manso present\u00f3 tambi\u00e9n una cautelar para que le permitan gozar de los cr\u00e9ditos horarios como delegado sindical, y dejaron asentada una denuncia personal por los hechos arbitrarios sobre \u00e9l.<\/p>\n\n\n\n<figure class=\"wp-block-image\"><img src=\"https:\/\/www.defiendase.com\/media\/file\/PLACA-CAUSAS.gif\" alt=\"\"\/><\/figure>\n\n\n\n<p>\u0093Nosotros desde el mes de abril que estamos con esa denuncia y con la de la Corte. Todav\u00eda no ha avanzado en nada el expediente. Esperamos que haya una resoluci\u00f3n pronto de este tema, y que la justicia laboral actu\u00e9 lo m\u00e1s r\u00e1pido posible.\u0094, concluy\u00f3<\/p>\n","protected":false},"excerpt":{"rendered":"<p>Un empleado judicial con actividad gremial se vio afectado por las decisiones arbitrarias de los<\/p>\n","protected":false},"author":4,"featured_media":2874,"comment_status":"open","ping_status":"open","sticky":false,"template":"","format":"standard","meta":{"om_disable_all_campaigns":false,"_monsterinsights_skip_tracking":false,"_monsterinsights_sitenote_active":false,"_monsterinsights_sitenote_note":"","_monsterinsights_sitenote_category":0},"categories":[18],"tags":[],"aioseo_notices":[],"jetpack_featured_media_url":"https:\/\/defiendase.com\/wp-content\/uploads\/2023\/02\/PORTADA-JUEZ.gif","post_mailing_queue_ids":[],"_links":{"self":[{"href":"https:\/\/defiendase.com\/index.php\/wp-json\/wp\/v2\/posts\/2870"}],"collection":[{"href":"https:\/\/defiendase.com\/index.php\/wp-json\/wp\/v2\/posts"}],"about":[{"href":"https:\/\/defiendase.com\/index.php\/wp-json\/wp\/v2\/types\/post"}],"author":[{"embeddable":true,"href":"https:\/\/defiendase.com\/index.php\/wp-json\/wp\/v2\/users\/4"}],"replies":[{"embeddable":true,"href":"https:\/\/defiendase.com\/index.php\/wp-json\/wp\/v2\/comments?post=2870"}],"version-history":[{"count":1,"href":"https:\/\/defiendase.com\/index.php\/wp-json\/wp\/v2\/posts\/2870\/revisions"}],"predecessor-version":[{"id":2875,"href":"https:\/\/defiendase.com\/index.php\/wp-json\/wp\/v2\/posts\/2870\/revisions\/2875"}],"wp:featuredmedia":[{"embeddable":true,"href":"https:\/\/defiendase.com\/index.php\/wp-json\/wp\/v2\/media\/2874"}],"wp:attachment":[{"href":"https:\/\/defiendase.com\/index.php\/wp-json\/wp\/v2\/media?parent=2870"}],"wp:term":[{"taxonomy":"category","embeddable":true,"href":"https:\/\/defiendase.com\/index.php\/wp-json\/wp\/v2\/categories?post=2870"},{"taxonomy":"post_tag","embeddable":true,"href":"https:\/\/defiendase.com\/index.php\/wp-json\/wp\/v2\/tags?post=2870"}],"curies":[{"name":"wp","href":"https:\/\/api.w.org\/{rel}","templated":true}]}}