{"id":2845,"date":"2016-11-10T21:10:00","date_gmt":"2016-11-10T21:10:00","guid":{"rendered":"http:\/\/defiendase.impulsatuidea.com\/?p=2845"},"modified":"2023-02-10T21:12:11","modified_gmt":"2023-02-10T21:12:11","slug":"marcha-represion-y-acuerdo","status":"publish","type":"post","link":"https:\/\/defiendase.com\/index.php\/marcha-represion-y-acuerdo\/","title":{"rendered":"Marcha, represi\u00f3n y \u00abacuerdo\u00bb"},"content":{"rendered":"\n<h3>El sindicato de los empleados municipales de Avellaneda reclam\u00f3 paritarias. Protestaron y la polic\u00eda dej\u00f3 8 heridos. Ahora la intendencia anunci\u00f3 que est\u00e1n abiertos al dialogo.<\/h3>\n\n\n\n<p>La semana pasada los afiliados al Sindicato de Trabajadores Municipales de Avellaneda le reclamaron al intendente de ese partido, Jorge Ferraresi que abra las paritarias y analice aumentar el salario b\u00e1sico de los empleados que ronda los 5 mil pesos.&nbsp;<\/p>\n\n\n\n<p>Luego de la manifestaci\u00f3n, que se hizo en el Puente Pueyrredon, mano a Capital Federal personal de infanter\u00eda de la polic\u00eda bonaerense reprimi\u00f3 al sindicato en la puerta del Teatro Roma en el centro de Avellaneda, dejando un saldo de 8 heridos por balas de goma.<br><br>https:\/\/www.youtube.com\/embed\/zL_ejHkf8kk<\/p>\n\n\n\n<p>Ese mismo d\u00eda el Secretario General del gremio, Hern\u00e1n Doval recibi\u00f3 una notificaci\u00f3n del Ministerio de Trabajo de la provincia de Buenos Aires que cita a las dos partes, tanto al STMA como a la intendencia a reabrir las paritarias este primero de noviembre.&nbsp;<\/p>\n\n\n\n<p>El municipio se hizo presente de la mano de un solo representante, quien asegur\u00f3&nbsp;<strong>que el supletorio de la ley 14.656 est\u00e1 vigente desde agosto<\/strong>, es decir, que las paritarias est\u00e1n abiertas hace meses. Por su parte, el diputado provincial Doval dialog\u00f3 con Defi\u00e9ndase y nos coment\u00f3 que se van a tratar dos temas importantes para el gremio ademas, el salario de los empleados y la reincorporaci\u00f3n de los despedidos.<\/p>\n\n\n\n<p>Tambi\u00e9n se decidi\u00f3 que esta negociaci\u00f3n paritaria tenga como veedor a la oficina regional de la OIT (Organizaci\u00f3n Internacional de Trabajo) para que no salga de los par\u00e1metros del Convenio Internaci\u00f3n N\u00ba 98.<\/p>\n\n\n\n<p>El d\u00eda del corte el secretario general del sindicato nos asegur\u00f3 que ellos quieren hacer visible el problema de los empleados ?porque el intendente no quiere cumplir con la ley 14.656 que es la que garantiza sus derechos?.<\/p>\n\n\n\n<figure class=\"wp-block-embed is-type-rich is-provider-gestor-del-servicio wp-block-embed-gestor-del-servicio wp-embed-aspect-16-9 wp-has-aspect-ratio\"><div class=\"wp-block-embed__wrapper\">\n<iframe loading=\"lazy\" title=\"Por paritarias cortan puente Pueyrredon I - Defiendase com\" width=\"640\" height=\"360\" src=\"https:\/\/www.youtube.com\/embed\/VjQgfw_NHCg?feature=oembed\" frameborder=\"0\" allow=\"accelerometer; autoplay; clipboard-write; encrypted-media; gyroscope; picture-in-picture; web-share\" allowfullscreen><\/iframe>\n<\/div><\/figure>\n\n\n\n<p>Queremos que cesen los aprietes y las torturas en la Direcci\u00f3n de Personal, que ejerce el director Fabi\u00e1n Monz\u00f3n por orden de Ferraresi, en donde a los trabajadores los obligan a desafiliarse del sindicato bajo la amenaza de sacarles las horas extras. \u00abHay todo un clima de terrorismo que se ha generado en la municipalidad de Avellaneda\u00bb.<\/p>\n\n\n\n<p>Nosotros no podemos seguir cobrando un sueldo b\u00e1sico por debajo del l\u00edmite de indigencia. \u00c9l est\u00e1 mintiendo, dice que reabri\u00f3 las paritarias y a nosotros nos acaba de llegar una c\u00e9dula de notificaci\u00f3n del Ministerio de Trabajo de la Provincia de Buenos Aires que dice que convoca a tratar el tema.<\/p>\n\n\n\n<figure class=\"wp-block-image\"><img src=\"https:\/\/www.defiendase.com\/media\/file\/cedula.gif\" alt=\"\"\/><\/figure>\n\n\n\n<p><strong>Desde el Sindicato dicen que el intendente tiene un doble discurso, \u00bfpor qu\u00e9?<\/strong><\/p>\n\n\n\n<p>Por un lado, se quiere hacer el progresista, el Nacional y Popular y por otro lado castiga a los trabajadores. No es de Nacional y Popular agarrar a un trabajador y decirle que si no se desafilia de un sindicato te sacamos las horas extras.&nbsp;<\/p>\n\n\n\n<p>Ferraresi cree que vive en la Rep\u00fablica de Avellaneda porque no respeta las leyes. El cree que puede decir qu\u00e9 pasa en Avellaneda, qu\u00e9 se hace y c\u00f3mo se hace. Ac\u00e1 hay una ley provincial y una ley nacional de asociaciones sindicales (n\u00b0 23.551) y Ferraresi las tiene que respetar. \u00c9l tiene m\u00e1s obligaci\u00f3n por ser intendente que cualquier otro ciudadano de respetar las leyes.<\/p>\n\n\n\n<p><strong>Ustedes son del mismo partido.<\/strong><\/p>\n\n\n\n<p>Yo puedo estar en el Frente para la Victoria y siempre voy a reivindicar mi pertenencia al FPV, pero pertenecer a un espacio pol\u00edtico tiene que ver tambi\u00e9n con actuar en consecuencia. Ferraresi pertenece a ese partido, pero despu\u00e9s en los hechos parece que no perteneciera y que intenta llevar un proyecto de flexibilizaci\u00f3n laboral a los trabajadores, explic\u00f3 Doval.<\/p>\n\n\n\n<figure class=\"wp-block-image\"><img src=\"https:\/\/www.defiendase.com\/media\/file\/RECIBO-DE-SUELDO.gif\" alt=\"\"\/><\/figure>\n\n\n\n<p>Diana Noem\u00ed De Gregorio trabaja hace m\u00e1s de 20 a\u00f1os como administrativa en la municipalidad. Nos mostr\u00f3 que ella percibe un sueldo b\u00e1sico de $5026,94.<\/p>\n\n\n\n<p>Este es el sueldo de Avellaneda que da el se\u00f1or Ferraresi, que dice que es Nacional y Popular. Para afuera dice una cosa, ac\u00e1 estamos en otra. Si alguien puede vivir con esto que me lo diga. Nosotros no estamos protestando porque s\u00ed. Ya estamos cansados de hablar con \u00e9l y que no nos d\u00e9 respuesta. Queremos que nos respete y que nos d\u00e9 un sueldo b\u00e1sico de $10.000.<\/p>\n\n\n\n<figure class=\"wp-block-embed is-type-rich is-provider-gestor-del-servicio wp-block-embed-gestor-del-servicio wp-embed-aspect-16-9 wp-has-aspect-ratio\"><div class=\"wp-block-embed__wrapper\">\n<iframe loading=\"lazy\" title=\"Por paritarias cortan puente Pueyrredon II - Defiendase com\" width=\"640\" height=\"360\" src=\"https:\/\/www.youtube.com\/embed\/JOhoIS6ESqw?feature=oembed\" frameborder=\"0\" allow=\"accelerometer; autoplay; clipboard-write; encrypted-media; gyroscope; picture-in-picture; web-share\" allowfullscreen><\/iframe>\n<\/div><\/figure>\n\n\n\n<p>Daniel B\u00e1ez es el Secretario General de la Uni\u00f3n de Obreros y Empleados Municipales de Berazategui y expres\u00f3 que se est\u00e1n manifestando contra ?el caprichismo de los intendentes de la provincia de Buenos Aires que quieren seguir manejando las intendencias como patrones de estancias?.<\/p>\n\n\n\n<p>\u00abSi bien esto est\u00e1 subscripto a Avellaneda por el dictamen judicial que reconoce al STMA para que el intendente entre en raz\u00f3n y se hagan las paritarias como corresponde ante la entidad de aplicaci\u00f3n que es el Ministerio de Trabajo de la provincia, son varios los intendentes bonaerenses que no hacen caso omiso a la ley\u00bb, expres\u00f3.<\/p>\n\n\n\n<p><strong>\u00bfQu\u00e9 esperan de la reuni\u00f3n que orden\u00f3 el Ministerio de Trabajo para arreglar las paritarias?<\/strong><\/p>\n\n\n\n<p>Nosotros esperamos que ese sea el punto de inflexi\u00f3n para que todos los intendentes entren en raz\u00f3n. El Ministerio es la entidad de aplicaci\u00f3n de la ley, y si ellos convocan al intendente no le va a quedar otra que hacer las paritarias y el convenio colectivo de trabajo con el sindicato que representa a los trabajadores verdaderamente, finaliz\u00f3.<\/p>\n\n\n\n<p>A la vuelta de la protesta los empleados afiliados al sindicato fueron reprimidos por efectivos de infanter\u00eda de la Polic\u00eda Bonaerense en la puerta del Teatro Col\u00f3n. Desde el STMA informaron que hubo 8 heridos por bala de goma.<\/p>\n","protected":false},"excerpt":{"rendered":"<p>El sindicato de los empleados municipales de Avellaneda reclam\u00f3 paritarias. Protestaron y la polic\u00eda dej\u00f3<\/p>\n","protected":false},"author":4,"featured_media":2848,"comment_status":"open","ping_status":"open","sticky":false,"template":"","format":"standard","meta":{"om_disable_all_campaigns":false,"_monsterinsights_skip_tracking":false,"_monsterinsights_sitenote_active":false,"_monsterinsights_sitenote_note":"","_monsterinsights_sitenote_category":0},"categories":[18],"tags":[],"aioseo_notices":[],"jetpack_featured_media_url":"https:\/\/defiendase.com\/wp-content\/uploads\/2023\/02\/FERRARESI-1.gif","post_mailing_queue_ids":[],"_links":{"self":[{"href":"https:\/\/defiendase.com\/index.php\/wp-json\/wp\/v2\/posts\/2845"}],"collection":[{"href":"https:\/\/defiendase.com\/index.php\/wp-json\/wp\/v2\/posts"}],"about":[{"href":"https:\/\/defiendase.com\/index.php\/wp-json\/wp\/v2\/types\/post"}],"author":[{"embeddable":true,"href":"https:\/\/defiendase.com\/index.php\/wp-json\/wp\/v2\/users\/4"}],"replies":[{"embeddable":true,"href":"https:\/\/defiendase.com\/index.php\/wp-json\/wp\/v2\/comments?post=2845"}],"version-history":[{"count":1,"href":"https:\/\/defiendase.com\/index.php\/wp-json\/wp\/v2\/posts\/2845\/revisions"}],"predecessor-version":[{"id":2852,"href":"https:\/\/defiendase.com\/index.php\/wp-json\/wp\/v2\/posts\/2845\/revisions\/2852"}],"wp:featuredmedia":[{"embeddable":true,"href":"https:\/\/defiendase.com\/index.php\/wp-json\/wp\/v2\/media\/2848"}],"wp:attachment":[{"href":"https:\/\/defiendase.com\/index.php\/wp-json\/wp\/v2\/media?parent=2845"}],"wp:term":[{"taxonomy":"category","embeddable":true,"href":"https:\/\/defiendase.com\/index.php\/wp-json\/wp\/v2\/categories?post=2845"},{"taxonomy":"post_tag","embeddable":true,"href":"https:\/\/defiendase.com\/index.php\/wp-json\/wp\/v2\/tags?post=2845"}],"curies":[{"name":"wp","href":"https:\/\/api.w.org\/{rel}","templated":true}]}}