{"id":2825,"date":"2016-05-09T21:06:00","date_gmt":"2016-05-09T21:06:00","guid":{"rendered":"http:\/\/defiendase.impulsatuidea.com\/?p=2825"},"modified":"2023-02-10T21:07:13","modified_gmt":"2023-02-10T21:07:13","slug":"highton-de-nolasco-hay-mil-denuncias-de-violencia-de-genero-por-mes","status":"publish","type":"post","link":"https:\/\/defiendase.com\/index.php\/highton-de-nolasco-hay-mil-denuncias-de-violencia-de-genero-por-mes\/","title":{"rendered":"Highton de Nolasco: \u00abHay mil denuncias de violencia de g\u00e9nero por mes\u00bb"},"content":{"rendered":"\n<h3>En esta \u00faltima parte de la entrevista realizada por Luis Otero, la jueza habl\u00f3 del rol de la justicia y de los jueces frente al femicidio. En esta \u00faltima parte de la entrevista realizada por Luis Otero, la jueza habl\u00f3 del rol de la justicia y de los jueces frente al femicidio.<\/h3>\n\n\n\n<p>Estos d\u00edas&nbsp;fue encontrado sin vida el cuerpo de Carina Drigani,&nbsp;la fisioterapeuta cordobesa que estaba desaparecida&nbsp;24 horas despu\u00e9s de denunciar a su ex pareja por violencia de g\u00e9nero. Este fue el \u00faltimo hecho que se hizo p\u00fablico despu\u00e9s de los casos de Wanda Taddei, Melina Romero, Angeles Rawson, Rosana Galliano, Mar\u00eda Marta Garc\u00eda Belsunce, Lucila Yaconis, Paulina Lebbos, Nora Dalmasso, Mar\u00eda Soledad Morales, entre tantos. En esta \u00faltima parte de la entrevista a la vicepresidenta de la Corte Suprema, Elena Highton de Nolasco, Luis Otero le pregunt\u00f3<strong>, \u00bfc\u00f3mo se hace a nivel nacional para que el \u00abNIUNAMENOS\u00bb&nbsp;no sea una frase armada?<\/strong><\/p>\n\n\n\n<p>\u00abCreo que las oficinas de violencia domestica son una soluci\u00f3n. Ciertamente la violencia ya ocurri\u00f3, cuando llegan ya han sido golpeadas o tienen alguna violencia ejercida, pero previene cosas peores como el femicidio\u00bb, respondi\u00f3 la jueza de la Corte.<\/p>\n\n\n\n<figure class=\"wp-block-embed is-type-rich is-provider-gestor-del-servicio wp-block-embed-gestor-del-servicio wp-embed-aspect-16-9 wp-has-aspect-ratio\"><div class=\"wp-block-embed__wrapper\">\n<iframe loading=\"lazy\" title=\"Highton de Nolasco   Sobre la violencia de genero I\" width=\"640\" height=\"360\" src=\"https:\/\/www.youtube.com\/embed\/HOq0CwgaPG0?feature=oembed\" frameborder=\"0\" allow=\"accelerometer; autoplay; clipboard-write; encrypted-media; gyroscope; picture-in-picture; web-share\" allowfullscreen><\/iframe>\n<\/div><\/figure>\n\n\n\n<p>Highton, adem\u00e1s de ser la vicepresidenta del m\u00e1ximo tribunal de justicia de la naci\u00f3n, es la presidenta de la Oficina de Violencia Domestica (OVD) de Capital Federal, un proyecto de la Corte que cada vez arroja cifras m\u00e1s impactantes.<\/p>\n\n\n\n<p>\u00abA la OVD no vienen casos de un tipo de violencia pura.&nbsp;<strong>En el 95 por ciento de los casos tenemos violencia psicol\u00f3gica y en el 70 tenemos f\u00edsica.<\/strong>&nbsp;Pueden venir combinadas como la social, que implica que la pareja no la deja ver a su familia o hace sabotaje con sus amigos. Tambi\u00e9n est\u00e1 la violencia econ\u00f3mica y ocurre cuando no se la deja trabajar o que no le da la plata suficiente para comprar lo necesario acorde al estatus que tiene la familia. Otro tipo de violencia que existe es la sexual y no hay mucho que explicar, ocurre cuando hay violaci\u00f3n en el matrimonio\u00bb&nbsp;detall\u00f3 la magistrada.&nbsp;<\/p>\n\n\n\n<p>No s\u00f3lo las mujeres se acercan a la oficina de la Corte. Highton explic\u00f3 que tienen un ocho por ciento de hombres que denuncian violencia tanto f\u00edsica como psicol\u00f3gica, simb\u00f3lica o social.&nbsp;<\/p>\n\n\n\n<p><strong>Hay soluciones que aportan, pero dijo que no siempre se puede tener un ciento por ciento de protecci\u00f3n, \u00bfc\u00f3mo se mejora eso?, pregunt\u00f3 Otero.&nbsp;<\/strong><\/p>\n\n\n\n<p>\u00abUn \u00e1ngel de la guarda al lado de cada persona no se puede. Esto es algo imposible. La oficina hace una evaluaci\u00f3n del riesgo. El medico constata las lesiones lo que permite que se hagan las denuncias ante los juzgados civiles y penales. Luego los jueces dictan medidas. Pero la malla total de protecci\u00f3n no se da, pero en la mayor parte de los femicidio no son los que han pasado por la OVD. Puede haber uno o dos\u00bb.<\/p>\n\n\n\n<p><strong>El crimen del country, un caso que s\u00ed pas\u00f3 por la Oficina de Violencia de la Corte.<\/strong><\/p>\n\n\n\n<p>\u00abClaudia Schaefer y Fernando Farr\u00e9 estaban negociando los t\u00e9rminos del divorcio. El 3 de agosto del 2015 ella lo denunci\u00f3 ante la Oficina de Violencia Domestica por violento y calificaron la situaci\u00f3n como \u00abbajo riesgo\u00bb. El 21 de ese mes fue la fecha que eligieron para que ella tomar\u00e1 sus pertenencias del Country Martindale de Pilar, pero Farr\u00e9 encontr\u00f3 la manera de asesinarla.<\/p>\n\n\n\n<p>La jueza de la Corte afirm\u00f3 que Claudia fue descuidada porque todos estaban afuera, \u00aben vez de estar acompa\u00f1ando a la persona que estaba buscando sus cosas personales. Eso paso porque son distra\u00eddos y no han tomado el riesgo alto o medio alto\u00bb.<\/p>\n\n\n\n<figure class=\"wp-block-embed is-type-rich is-provider-gestor-del-servicio wp-block-embed-gestor-del-servicio wp-embed-aspect-16-9 wp-has-aspect-ratio\"><div class=\"wp-block-embed__wrapper\">\n<iframe loading=\"lazy\" title=\"Highton de Nolasco   Sobre la violencia de genero II\" width=\"640\" height=\"360\" src=\"https:\/\/www.youtube.com\/embed\/5fsU-gqgj4c?feature=oembed\" frameborder=\"0\" allow=\"accelerometer; autoplay; clipboard-write; encrypted-media; gyroscope; picture-in-picture; web-share\" allowfullscreen><\/iframe>\n<\/div><\/figure>\n\n\n\n<p>\u00abHay jueces que se preguntan si son ciertas las denuncias por violencia dom\u00e9stica porque las parejas est\u00e1n hace 14 a\u00f1os juntos. Y son ciertas porque son ciclos en donde vienen los&nbsp;<em>te amo y te odio&nbsp;<\/em>y vienen con las lunas de miel y es un ciclo en donde hay una relaci\u00f3n sadomasoquista. Una relaci\u00f3n circular. Hay momentos en donde, despu\u00e9s del acto violento hay un&nbsp;<em>me arrepiento, te quiero, te lo hice porque estoy celoso porque te quiero&nbsp;<\/em>siempre est\u00e1 \u00e9l&nbsp;<em>no lo voy a hacer nunca m\u00e1s<\/em>&nbsp;y con esto todo se va perdonando\u00bb.&nbsp;<\/p>\n\n\n\n<p><strong>Lamentablemente el abordaje no se da en todas las provincias de la misma manera, se\u00f1al\u00f3 Otero.<\/strong><\/p>\n\n\n\n<p>\u00abEn todas no. Yo tengo el convenio con las 23 provincias. De estas, han puesto OVD Santiago Del Estero que tiene cuatro, en Tucum\u00e1n hay dos. En Santa Cruz est\u00e1 la de Rio Gallegos y Caleta Olivia y Salta tiene una\u00bb.<\/p>\n\n\n\n<p><strong>No me nombr\u00f3 provincia de Buenos Aires&#8230;<\/strong><\/p>\n\n\n\n<p>\u00abEl conurbano no lo nombr\u00e9 porque no ha puesto ninguna, si bien ha sido la primera provincia en firmar el acuerdo en 2008. Tienen otros sistemas como la comisaria la mujer, pero la gobernadora Vidal est\u00e1 muy interesada y aparentemente van a poner varias OVD \u00ab.<\/p>\n\n\n\n<figure class=\"wp-block-embed is-type-rich is-provider-gestor-del-servicio wp-block-embed-gestor-del-servicio wp-embed-aspect-16-9 wp-has-aspect-ratio\"><div class=\"wp-block-embed__wrapper\">\n<iframe loading=\"lazy\" title=\"Highton de Nolasco   Sobre la violencia de genero III\" width=\"640\" height=\"360\" src=\"https:\/\/www.youtube.com\/embed\/KxopZIjlN7A?feature=oembed\" frameborder=\"0\" allow=\"accelerometer; autoplay; clipboard-write; encrypted-media; gyroscope; picture-in-picture; web-share\" allowfullscreen><\/iframe>\n<\/div><\/figure>\n\n\n\n<p>\u00abSiempre&nbsp;<strong>hay casi 1000 por mes de denuncias<\/strong>&nbsp;propiamente dichas. Cuando abrimos la Oficina hab\u00eda cerca de 500 pero tambi\u00e9n era porque no se conoc\u00eda. Cada vez se conoce m\u00e1s y la gente tiene m\u00e1s confianza porque sabe c\u00f3mo la atienden. Hemos ampliado, pero nunca alcanza porque hay mucha denuncia y hay mucha concientizaci\u00f3n, lo que hace que la gente diga que no se puede aguantar lo que le pasa\u00bb.<\/p>\n\n\n\n<p><strong>M\u00e1s denuncias implican m\u00e1s soluciones a casos particulares, pero \u00bfhabr\u00e1 menos violencia?<\/strong><\/p>\n\n\n\n<p>\u00abYo no puedo medir la violencia. Yo se los casos que tengo y lo s\u00e9 porque tenemos los datos del 2014 y ahora en junio vamos a tener los del 2015\u00bb, respondi\u00f3 Highton y explic\u00f3 que los registros los realizan con los datos que les env\u00edan todas las Cortes del pa\u00eds.<\/p>\n\n\n\n<p>\u00abEn el a\u00f1o&nbsp;<strong>2014 hubo 225 mujeres muertas<\/strong>. Para m\u00ed la figura m\u00e1s espeluznante son los chicos que quedan hu\u00e9rfano de madre. Si uno hace la progresi\u00f3n calculo que ser\u00edan&nbsp;<strong>341 ni\u00f1os que quedaron sin madre<\/strong>. Lo que implica m\u00e1s de un chico y medio por mujer muerta\u00bb.&nbsp;<\/p>\n\n\n\n<p><strong>\u00bfQu\u00e9 hacemos con el violento?<\/strong><\/p>\n\n\n\n<p>\u00abHay programas para tratar a hombres violentos, que en realidad nosotros no lo tenemos porque esto no ser\u00eda nunca competencia de la Corte\u00bb, y se\u00f1al\u00f3 que la Oficina de la Mujer le ha presentado un programa que fue rechazado porque ya con la OVD&nbsp;est\u00e1n casi al l\u00edmite&nbsp;porque es la \u00fanica Corte del mundo que la tiene.<\/p>\n\n\n\n<p>\u00abA la Oficina de Violencia Domestica la tenemos porque yo no tengo duda que dar acceso a justicia con distintos m\u00e9todos es misi\u00f3n del Poder Judicial como uno de los tres poderes del Estado. Nosotros tenemos la pol\u00edtica de estado que debe dar acceso a justicia por distintas formas y no solo como m\u00e1quinas de hacer sentencias. Los jueces tenemos muchas m\u00e1s cosas que hacer que hacer sentencias, sin menguar a estas\u00bb, finaliz\u00f3 la jueza del m\u00e1ximo tribunal de justicia.<\/p>\n","protected":false},"excerpt":{"rendered":"<p>En esta \u00faltima parte de la entrevista realizada por Luis Otero, la jueza habl\u00f3 del<\/p>\n","protected":false},"author":4,"featured_media":2829,"comment_status":"open","ping_status":"open","sticky":false,"template":"","format":"standard","meta":{"om_disable_all_campaigns":false,"_monsterinsights_skip_tracking":false,"_monsterinsights_sitenote_active":false,"_monsterinsights_sitenote_note":"","_monsterinsights_sitenote_category":0},"categories":[18],"tags":[],"aioseo_notices":[],"jetpack_featured_media_url":"https:\/\/defiendase.com\/wp-content\/uploads\/2023\/02\/highton3.gif","post_mailing_queue_ids":[],"_links":{"self":[{"href":"https:\/\/defiendase.com\/index.php\/wp-json\/wp\/v2\/posts\/2825"}],"collection":[{"href":"https:\/\/defiendase.com\/index.php\/wp-json\/wp\/v2\/posts"}],"about":[{"href":"https:\/\/defiendase.com\/index.php\/wp-json\/wp\/v2\/types\/post"}],"author":[{"embeddable":true,"href":"https:\/\/defiendase.com\/index.php\/wp-json\/wp\/v2\/users\/4"}],"replies":[{"embeddable":true,"href":"https:\/\/defiendase.com\/index.php\/wp-json\/wp\/v2\/comments?post=2825"}],"version-history":[{"count":1,"href":"https:\/\/defiendase.com\/index.php\/wp-json\/wp\/v2\/posts\/2825\/revisions"}],"predecessor-version":[{"id":2830,"href":"https:\/\/defiendase.com\/index.php\/wp-json\/wp\/v2\/posts\/2825\/revisions\/2830"}],"wp:featuredmedia":[{"embeddable":true,"href":"https:\/\/defiendase.com\/index.php\/wp-json\/wp\/v2\/media\/2829"}],"wp:attachment":[{"href":"https:\/\/defiendase.com\/index.php\/wp-json\/wp\/v2\/media?parent=2825"}],"wp:term":[{"taxonomy":"category","embeddable":true,"href":"https:\/\/defiendase.com\/index.php\/wp-json\/wp\/v2\/categories?post=2825"},{"taxonomy":"post_tag","embeddable":true,"href":"https:\/\/defiendase.com\/index.php\/wp-json\/wp\/v2\/tags?post=2825"}],"curies":[{"name":"wp","href":"https:\/\/api.w.org\/{rel}","templated":true}]}}