{"id":2818,"date":"2016-04-16T21:00:12","date_gmt":"2016-04-16T21:00:12","guid":{"rendered":"http:\/\/defiendase.impulsatuidea.com\/?p=2818"},"modified":"2023-02-10T21:05:28","modified_gmt":"2023-02-10T21:05:28","slug":"highton-de-nolasco-hay-jueces-que-se-consideran-presionados","status":"publish","type":"post","link":"https:\/\/defiendase.com\/index.php\/highton-de-nolasco-hay-jueces-que-se-consideran-presionados\/","title":{"rendered":"Highton de Nolasco: \u00abHay jueces que se consideran presionados\u00bb"},"content":{"rendered":"\n<h3>En esta segunda parte de la entrevista con Defiendase.com, la jueza de la Corte Suprema habl\u00f3 de sus preocupaciones c\u00f3mo magistrada, del intento de los \u00abK\u00bb por controlar la justicia y de la desconfianza que la gente le tiene al Poder Judicial.<\/h3>\n\n\n\n<p>Elena Highton de Nolasco fue entrevistada por el Doctor Luis Otero en el palacio de Tribunales. En la primer parte de la nota, la magistrada habl\u00f3 de los recurrentes casos de corrupci\u00f3n que el pa\u00eds sufre con cada gobierno. Sentenci\u00f3 que siempre ha habido corrupci\u00f3n en nuestro pa\u00eds pero cree que es posible que la sociedad pueda percibir m\u00e1s transparencia. Aqu\u00ed, la segunda parte de la entrevista:<\/p>\n\n\n\n<p><strong>\u00bfDoctora cual es su m\u00e1xima preocupaci\u00f3n hoy c\u00f3mo jueza de la Corte?<\/strong><\/p>\n\n\n\n<p>\u00abYo creo que la m\u00e1xima preocupaci\u00f3n es el desaf\u00edo de que la gente tenga confianza en la Corte y en los dem\u00e1s jueces y para eso necesitamos tal vez modernizar bastante.\u00bb&nbsp;&nbsp;\u00abSe deben buscar m\u00e9todos paralelos de hacer justicia, no solo utilizando la v\u00eda de la sentencia.En el pa\u00eds hay casas de justicia, oficinas de atenci\u00f3n ciudadana y distintos elementos que permiten hacer justicia que pertenecen a los poderes judiciales.\u00bb&nbsp;<\/p>\n\n\n\n<figure class=\"wp-block-embed is-type-rich is-provider-gestor-del-servicio wp-block-embed-gestor-del-servicio wp-embed-aspect-16-9 wp-has-aspect-ratio\"><div class=\"wp-block-embed__wrapper\">\n<iframe loading=\"lazy\" title=\"Highton de Nolasco   Justicia I\" width=\"640\" height=\"360\" src=\"https:\/\/www.youtube.com\/embed\/IbdxraNaqpY?feature=oembed\" frameborder=\"0\" allow=\"accelerometer; autoplay; clipboard-write; encrypted-media; gyroscope; picture-in-picture; web-share\" allowfullscreen><\/iframe>\n<\/div><\/figure>\n\n\n\n<p><strong>\u00bfC\u00f3mo se logra el acceso a la justicia?<\/strong><\/p>\n\n\n\n<p>\u00abEn la Corte Suprema hay una comisi\u00f3n de acceso a justicia.&nbsp;Este organismo fue creado en la Conferencia Judicial del a\u00f1o 2007, un encuentro anual en el que se re\u00fanen magistrados nacionales, federales, de Cortes y jueces de paz de todo el pa\u00eds. En esta reuni\u00f3n concluyeron que era necesario ampliar las bocas de acceso.\u00bb<\/p>\n\n\n\n<p><strong>\u00bfA cu\u00e1nto estamos del expediente digital?<\/strong><\/p>\n\n\n\n<p><strong>\u00ab<\/strong>Espero que estemos cerca. No es inmediato pero estamos cerca\u00bb.<br><br><strong>\u00bfQu\u00e9 tiempo le damos al \u00abcerca\u00bb?<\/strong>&nbsp;<br>\u00abEs muy dif\u00edcil de calcular eso. No quiero hacer predicciones porque despu\u00e9s pueden no ser certeras. No quiero prejuzgar\u00bb&nbsp;<\/p>\n\n\n\n<p><strong>\u00bfAumentar el acceso a la justicia implica m\u00e1s cantidad de edificios, m\u00e1s personal y m\u00e1s presupuesto?<\/strong><\/p>\n\n\n\n<p>\u00abLa resoluci\u00f3n alternativa es mucho m\u00e1s barata que un juzgado.&nbsp;En algunas provincias hay grupos de mediadores o casas de justicia pertenecientes a las Cortes locales. En la Capital Federal est\u00e1n las oficinas de los abogados en donde las causas pueden recaer ah\u00ed y despu\u00e9s cobran los honorarios y esto no le sale m\u00e1s caro al sistema judicial o al gobierno, son distintas formas de diversificar mas acceso a la justicia y es mucho menos&nbsp;onerosa que poner un juzgado mas\u00bb.<\/p>\n\n\n\n<figure class=\"wp-block-embed is-type-rich is-provider-gestor-del-servicio wp-block-embed-gestor-del-servicio wp-embed-aspect-16-9 wp-has-aspect-ratio\"><div class=\"wp-block-embed__wrapper\">\n<iframe loading=\"lazy\" title=\"Highton de Nolasco   Justicia II\" width=\"640\" height=\"360\" src=\"https:\/\/www.youtube.com\/embed\/T47j_KbHR0E?feature=oembed\" frameborder=\"0\" allow=\"accelerometer; autoplay; clipboard-write; encrypted-media; gyroscope; picture-in-picture; web-share\" allowfullscreen><\/iframe>\n<\/div><\/figure>\n\n\n\n<p><strong>\u00bfQu\u00e9 opina de la percepci\u00f3n que tiene mucha gente en general que no conf\u00edan en el sistema judicial?<\/strong><\/p>\n\n\n\n<p>\u00abSeg\u00fan encuestas que he visto, la gente que ha pasado por el sistema siente m\u00e1s confianza que el que solamente opina, porque opinar es gratis. El que ha probado el sistema judicial se da cuenta que da soluciones. El principal problema del poder judicial es la lentitud, un tema que se trata de solucionar y que sucede por la cantidad de causas. Hay que diversificar m\u00e1s los m\u00e9todos.<\/p>\n\n\n\n<p><strong>\u00bfSe resuelve diversificando para usted?<\/strong><\/p>\n\n\n\n<p>\u00abBueno, siempre tambi\u00e9n con mas juzgados y mas jueces. No digo solo con eso. Pero no hay que pensar en una soluci\u00f3n o solamente en la sentencia que adem\u00e1s, por m\u00e1s que salga r\u00e1pido es larga. Ya sabemos que una mediaci\u00f3n se resuelve en un d\u00eda, en una semana o en un mes o en dos pero el juicio nunca se resuelve en ese tiempo\u00bb.&nbsp;<\/p>\n\n\n\n<figure class=\"wp-block-embed is-type-rich is-provider-gestor-del-servicio wp-block-embed-gestor-del-servicio wp-embed-aspect-16-9 wp-has-aspect-ratio\"><div class=\"wp-block-embed__wrapper\">\n<iframe loading=\"lazy\" title=\"Highton de Nolasco   Justicia III\" width=\"640\" height=\"360\" src=\"https:\/\/www.youtube.com\/embed\/hq-nSWlry90?feature=oembed\" frameborder=\"0\" allow=\"accelerometer; autoplay; clipboard-write; encrypted-media; gyroscope; picture-in-picture; web-share\" allowfullscreen><\/iframe>\n<\/div><\/figure>\n\n\n\n<p><strong>\u00bfUsted cree el C\u00f3digo Civil y Comercial vigente puede dar m\u00e1s soluciones que el anterior c\u00f3digo?<\/strong><\/p>\n\n\n\n<p>\u00abNo lo dudo. Da mucha m\u00e1s soluciones y para eso est\u00e1 cambiado, para cambiar el sistema dentro de que solamente se cambi\u00f3 lo que hac\u00eda falta cambiar. No es una mero reforma, todo el C\u00f3digo se hizo de nuevo y se unifico el Civil y el Comercial, adem\u00e1s se agregaron nuevos contratos m\u00e1s modernos.\u00bb<\/p>\n\n\n\n<p><strong>En cuanto al C\u00f3digo, \u00bfcree que algo qued\u00f3 en el camino?<\/strong><\/p>\n\n\n\n<p>\u00abComo coautora con el Dr. Ricardo Lorenzetti y la Dra. Kemelmajer creo que pusimos todo lo que pudimos y todo lo que nos pareci\u00f3. A&nbsp;pesar de que el Congreso y el Ejecutivo sacaron algunas cosas qued\u00f3 m\u00e1s del noventa por ciento de lo confeccionado. Siempre puede haber algo de discrepancia sobre si va o no va. Yo qued\u00e9&nbsp;conforme.\u00bb&nbsp;<\/p>\n\n\n\n<p><strong>\u00bfEn que benefici\u00f3&nbsp;a la actuaci\u00f3n del Poder Judicial el hecho de que hayamos tenido a una mujer ocho a\u00f1os en la presidencia?<\/strong><\/p>\n\n\n\n<p>\u00abNunca ha sido cuesti\u00f3n de g\u00e9nero\u00bb, expres\u00f3 la vicepresidenta de la Corte y se\u00f1al\u00f3&nbsp;que no sabe si el Poder Judicial ha sido beneficiado por los poderes ejecutivos aunque en algunas oportunidades tengan pol\u00edticas que permitan mejorar el sistema con proyectos de ley. \u00abHa habido mejoras y ha habido proyectos frustrados. Cada gobierno hace lo que le parece que son sus pol\u00edticas de estado\u00bb.&nbsp;<\/p>\n\n\n\n<p><strong>Siempre se habla de intentos de tener influencias del Ejecutivo sobre el Poder Judicial. \u00bfUsted ha escuchado en los \u00faltimos tiempos m\u00e1s voces que hablaban de presiones sobre el poder judicial que en otros a\u00f1os?<\/strong><\/p>\n\n\n\n<p>\u00abNo. Yo personalmente dir\u00eda que nunca he tenido una presi\u00f3n porque saben que no soy presionable.&nbsp;<strong>A veces hay jueces que consideran ser presionados<\/strong>, hay jueces que son m\u00e1s sensibles que otros o que adem\u00e1s hay una presi\u00f3n en la prensa y es m\u00e1s dif\u00edcil para el juez resolver algo estando la opini\u00f3n p\u00fablica en contra pero hay que animarse y para eso se es juez\u00bb.<\/p>\n\n\n\n<p>Proximamente la tercer y \u00faltima parte de la entrevista.&nbsp;<\/p>\n","protected":false},"excerpt":{"rendered":"<p>En esta segunda parte de la entrevista con Defiendase.com, la jueza de la Corte Suprema<\/p>\n","protected":false},"author":4,"featured_media":2824,"comment_status":"open","ping_status":"open","sticky":false,"template":"","format":"standard","meta":{"om_disable_all_campaigns":false,"_monsterinsights_skip_tracking":false,"_monsterinsights_sitenote_active":false,"_monsterinsights_sitenote_note":"","_monsterinsights_sitenote_category":0},"categories":[18],"tags":[],"aioseo_notices":[],"jetpack_featured_media_url":"https:\/\/defiendase.com\/wp-content\/uploads\/2023\/02\/highton2-1.gif","post_mailing_queue_ids":[],"_links":{"self":[{"href":"https:\/\/defiendase.com\/index.php\/wp-json\/wp\/v2\/posts\/2818"}],"collection":[{"href":"https:\/\/defiendase.com\/index.php\/wp-json\/wp\/v2\/posts"}],"about":[{"href":"https:\/\/defiendase.com\/index.php\/wp-json\/wp\/v2\/types\/post"}],"author":[{"embeddable":true,"href":"https:\/\/defiendase.com\/index.php\/wp-json\/wp\/v2\/users\/4"}],"replies":[{"embeddable":true,"href":"https:\/\/defiendase.com\/index.php\/wp-json\/wp\/v2\/comments?post=2818"}],"version-history":[{"count":1,"href":"https:\/\/defiendase.com\/index.php\/wp-json\/wp\/v2\/posts\/2818\/revisions"}],"predecessor-version":[{"id":2823,"href":"https:\/\/defiendase.com\/index.php\/wp-json\/wp\/v2\/posts\/2818\/revisions\/2823"}],"wp:featuredmedia":[{"embeddable":true,"href":"https:\/\/defiendase.com\/index.php\/wp-json\/wp\/v2\/media\/2824"}],"wp:attachment":[{"href":"https:\/\/defiendase.com\/index.php\/wp-json\/wp\/v2\/media?parent=2818"}],"wp:term":[{"taxonomy":"category","embeddable":true,"href":"https:\/\/defiendase.com\/index.php\/wp-json\/wp\/v2\/categories?post=2818"},{"taxonomy":"post_tag","embeddable":true,"href":"https:\/\/defiendase.com\/index.php\/wp-json\/wp\/v2\/tags?post=2818"}],"curies":[{"name":"wp","href":"https:\/\/api.w.org\/{rel}","templated":true}]}}