{"id":2796,"date":"2015-11-20T20:48:00","date_gmt":"2015-11-20T20:48:00","guid":{"rendered":"http:\/\/defiendase.impulsatuidea.com\/?p=2796"},"modified":"2023-02-10T20:48:57","modified_gmt":"2023-02-10T20:48:57","slug":"mauricio-macri-fue-sobreseido-en-la-causa-por-las-escuchas","status":"publish","type":"post","link":"https:\/\/defiendase.com\/index.php\/mauricio-macri-fue-sobreseido-en-la-causa-por-las-escuchas\/","title":{"rendered":"Mauricio Macri fue sobreseido en la causa por las escuchas"},"content":{"rendered":"\n<h3>El Presidente fue sobreseido en forma definitiva por falta de pruebas en una causa donde estuvo 5 a\u00f1os procesado. Lee el fallo completo ac\u00e1.<\/h3>\n\n\n\n<p>La decisi\u00f3n fue del juez federal Sebasti\u00e1n Casanello y podr\u00e1 ser apelada ante la C\u00e1mara Federal porte\u00f1a por los dos querellantes que hab\u00edan pedido el env\u00edo a juicio oral del Presidente junto a otros acusados.<br><br>El 7 de marzo de 2014 el juez dispuso el env\u00edo a juicio oral para todos los procesados, con excepci\u00f3n de Macri, sobre quien resolvi\u00f3 reabrir la instrucci\u00f3n del caso antes de resolver, algo que hizo finalmente ahora.<br><br>Y concluy\u00f3 que \u00ablas medidas producidas una vez reabierta la etapa de instrucci\u00f3n ratificaron la ausencia de prueba de cargo contra M. Macri, de donde se sigue la ausencia de responsabilidad penal pues lo afirmado hasta aqu\u00ed, no s\u00f3lo lo ubica en una situaci\u00f3n de ajenidad, respecto de tal o cual intromisi\u00f3n telef\u00f3nica, sino que tambi\u00e9n lo aleja del armado de una empresa ilegal de espionaje dentro de su gobierno\u00bb.<br><br>A lo largo de 32 carillas, Casanello repas\u00f3 las acusaciones presentadas por las querellas del ex cu\u00f1ado de Macri N\u00e9stor Leonardo y del familiar de v\u00edctimas del atentado a la AMIA Sergio Burstein, los dos casos de escuchas ilegales por las que fue procesado el ex jefe de Gobierno de la Ciudad de Buenos Aires.<br><br>En ambos consider\u00f3 que no presentaron \u00abprueba directa\u00bb para incriminar a Macri en ninguno de los dos casos y destac\u00f3 el pedido del fiscal federal Jorge Di Lello para sobreseerlo, en sinton\u00eda con la defensa del mandatario.<br><br>Casanello enfatiz\u00f3 que \u00abse descarta una posible conducta instigadora, pues Macri deja de ser la persona particularmente interesada en escuchar a dos de las v\u00edctimas\u00bb, de acuerdo a lo aportado por nuevas evidencias incorporadas cuando se continu\u00f3 la investigaci\u00f3n sobre su persona.<br><br>\u00abDetr\u00e1s de la intervenci\u00f3n ilegal del tel\u00e9fono de Burstein permanece Jorge Palacios, aunque alejado del entonces Jefe de Gobierno\u00bb, concluy\u00f3 Casanello.<br><br>Y agreg\u00f3: \u00abDetr\u00e1s de la intervenci\u00f3n ilegal del tel\u00e9fono de Leonardo asoma Franco Macri, pero a trav\u00e9s de agencias de seguridad privadas y personas interpuestas, lo que diluye su responsabilidad\u00bb.<br><br>En el caso de las escuchas a Burstein dio por probado que fueron ordenadas por el procesado ex jefe de la Polic\u00eda Metropolitana Palacios y ejecutadas por otro acusado, el ex esp\u00eda Ciro James.<br><br>\u00abEn cuanto a la escucha de Burstein, es Guillermo Montenegro (ex ministro de Seguridad porte\u00f1o) el que termina de alejar a Macri de la escena, al tiempo que relativiza en sumo grado su incidencia sobre el \u00e1rea de seguridad, sobre Jorge Palacios y, por ende, sobre el aparato clandestino de inteligencia -la segunda parte de la imputaci\u00f3n\u00bb, analiz\u00f3 el juez.<br><br>Y remarc\u00f3 que el ejecutor de las maniobras, (Ciro) James fue contratado por el Ministerio de Justicia porte\u00f1o, que le pag\u00f3 un sueldo sin tener una tarea asignada, bajo la \u00f3rbita del tambi\u00e9n procesado ex titular de esa cartera Mariano Narodowski.<br><br>En el caso de las escuchas a quien fue marido de la fallecida Sandra Macri, el juez entendi\u00f3 que el seguimiento sobre la persona del ex cu\u00f1ado del Presidente fue contratado por el empresario Franco Macri.<br><br>En particular se aludi\u00f3 a nueva prueba incorporada en relaci\u00f3n a la empresa de seguridad estadounidenste \u00abAckerman Group\u00bb, a la que se adjudica la contrataci\u00f3n de la escucha ilegal a Leonardo.<br><br>Las \u00abactividades en el pa\u00eds por personal de la firma Ackerman Group durante el per\u00edodo en que fuera intervenido el tel\u00e9fono del damnificado\u00bb fueron por \u00abexpreso pedido de Franco Macri y no as\u00ed, a un inter\u00e9s, al parecer, inexistente de Mauricio Macri, respecto de la seguridad de su hermana Sandra\u00bb, concluy\u00f3.<br><br>El 14 de mayo de 2010, Macri fue procesado por el primer juez del caso, Norberto Oyarbide, por \u00abviolaci\u00f3n de secretos, abuso de autoridad, falsificaci\u00f3n de documentos p\u00fablicos, en concurso con la participaci\u00f3n en una asociaci\u00f3n il\u00edcita\u00bb.<br><br>Oyarbide acus\u00f3 al entonces jefe de Gobierno porte\u00f1o de haber sabido del uso de estructura p\u00fablica para montar la red de espionaje ilegal.<br><br>Tambi\u00e9n proces\u00f3 a Palacios, a James y a miembros de un juzgado penal de Misiones desde donde partieron las \u00f3rdenes para concretar las escuchas en la SIDE bajo la excusa de una investigaci\u00f3n con pistas falsas.<br><br>El procesamiento de Macri fue confirmado por la C\u00e1mara Federal porte\u00f1a y qued\u00f3 firme tambi\u00e9n en Casaci\u00f3n, el m\u00e1ximo tribunal penal del pa\u00eds.<br><br>Pero cuando fue momento del env\u00edo de todos los acusados a juicio, Casanello lo dej\u00f3 afuera por falta de pruebas.<br><br>En tanto, los cuestionamientos a la decisi\u00f3n de Casanello provinieron de parte de los querellantes de la causa: Sergio Burstein, y de Luis Conde, abogado defensor de N\u00e9stor Leonardo.<br><br>En declaraciones a radio Diez, Burstein adelant\u00f3 que, si bien a\u00fan no fue notificado de la decisi\u00f3n del magistrado, \u00abhay instancias superiores\u00bb para apelar y ratific\u00f3 que no se trata de una \u00abcausa armada\u00bb, sino que \u00abhay pruebas m\u00e1s que suficientes para que se llegue a un juicio oral; las pinchaduras telef\u00f3nicas son reales\u00bb.<br><br>Por su parte, Conde tambi\u00e9n anticip\u00f3 la posibilidad de apelar la decisi\u00f3n judicial y manifest\u00f3, en di\u00e1logo con radio Belgrano, su convencimiento \u00abde que con las pruebas que hay nos sobraba para ir a juicio oral, pero las cosas han cambiado y los que dec\u00edan que no, ahora dicen que s\u00ed\u00bb.<br><br><strong>LEE EL FALLO COMPLETO AC\u00c1:<\/strong><br><a href=\"http:\/\/www.pensamientopenal.com.ar\/fallos\/42705-mauricio-macri-escuchas-ilegales-sobserseimiento\" target=\"_blank\" rel=\"noreferrer noopener\">http:\/\/www.pensamientopenal.com.ar\/fallos\/42705-mauricio-macri-escuchas-ilegales-sobserseimiento<\/a><\/p>\n","protected":false},"excerpt":{"rendered":"<p>El Presidente fue sobreseido en forma definitiva por falta de pruebas en una causa donde<\/p>\n","protected":false},"author":4,"featured_media":2797,"comment_status":"open","ping_status":"open","sticky":false,"template":"","format":"standard","meta":{"om_disable_all_campaigns":false,"_monsterinsights_skip_tracking":false,"_monsterinsights_sitenote_active":false,"_monsterinsights_sitenote_note":"","_monsterinsights_sitenote_category":0},"categories":[18],"tags":[],"aioseo_notices":[],"jetpack_featured_media_url":"https:\/\/defiendase.com\/wp-content\/uploads\/2023\/02\/0013857824.jpg","post_mailing_queue_ids":[],"_links":{"self":[{"href":"https:\/\/defiendase.com\/index.php\/wp-json\/wp\/v2\/posts\/2796"}],"collection":[{"href":"https:\/\/defiendase.com\/index.php\/wp-json\/wp\/v2\/posts"}],"about":[{"href":"https:\/\/defiendase.com\/index.php\/wp-json\/wp\/v2\/types\/post"}],"author":[{"embeddable":true,"href":"https:\/\/defiendase.com\/index.php\/wp-json\/wp\/v2\/users\/4"}],"replies":[{"embeddable":true,"href":"https:\/\/defiendase.com\/index.php\/wp-json\/wp\/v2\/comments?post=2796"}],"version-history":[{"count":1,"href":"https:\/\/defiendase.com\/index.php\/wp-json\/wp\/v2\/posts\/2796\/revisions"}],"predecessor-version":[{"id":2798,"href":"https:\/\/defiendase.com\/index.php\/wp-json\/wp\/v2\/posts\/2796\/revisions\/2798"}],"wp:featuredmedia":[{"embeddable":true,"href":"https:\/\/defiendase.com\/index.php\/wp-json\/wp\/v2\/media\/2797"}],"wp:attachment":[{"href":"https:\/\/defiendase.com\/index.php\/wp-json\/wp\/v2\/media?parent=2796"}],"wp:term":[{"taxonomy":"category","embeddable":true,"href":"https:\/\/defiendase.com\/index.php\/wp-json\/wp\/v2\/categories?post=2796"},{"taxonomy":"post_tag","embeddable":true,"href":"https:\/\/defiendase.com\/index.php\/wp-json\/wp\/v2\/tags?post=2796"}],"curies":[{"name":"wp","href":"https:\/\/api.w.org\/{rel}","templated":true}]}}