{"id":2663,"date":"2022-04-28T18:02:00","date_gmt":"2022-04-28T18:02:00","guid":{"rendered":"http:\/\/defiendase.impulsatuidea.com\/?p=2663"},"modified":"2023-02-10T18:03:36","modified_gmt":"2023-02-10T18:03:36","slug":"tiene-7-anos-es-superdotado-y-lo-querian-hacer-repetir-fallaron-a-favor-y-sigue-en-cuarto-grado","status":"publish","type":"post","link":"https:\/\/defiendase.com\/index.php\/tiene-7-anos-es-superdotado-y-lo-querian-hacer-repetir-fallaron-a-favor-y-sigue-en-cuarto-grado\/","title":{"rendered":"Tiene 7 a\u00f1os, es superdotado y lo quer\u00edan hacer repetir: fallaron a favor y sigue en cuarto grado"},"content":{"rendered":"\n<h3>El caso de Benjam\u00edn Equiza logr\u00f3 una sentencia sin precedente a nivel nacional. Pese a que las autoridades educativas de la provincia de Buenos Aires quer\u00edan obligarlo a repetir tercero, dos in\u00e9ditos fallos judiciales lograron que contin\u00fae en cuarto. Igualmente, el caso contin\u00faa en disputa, ya que al momento de publicar esta nota, la Fiscal\u00eda de Estado bonaerense present\u00f3 un recurso de amparo en contra de la sentencia. Se espera fehacientemente que la semana entrante se desista de este nuevo reclamo y el alumno pueda cursar sin inconveniente.<\/h3>\n\n\n\n<figure class=\"wp-block-image\"><img src=\"https:\/\/www.defiendase.com\/media\/file\/pizarron_0_0.jpg\" alt=\"Tiene 7 a\u00f1os, es superdotado y lo quer\u00edan hacer repetir: fallaron a favor y sigue en cuarto grado\"\/><\/figure>\n\n\n\n<p>En 2021, Benjam\u00edn Equiza, de 7 a\u00f1os, estaba cursando el tercer grado en un colegio privado de La Plata cuando en junio la Direcci\u00f3n General de Cultura y Educaci\u00f3n (DGCyE) bonaerense desconoci\u00f3 el certificado de CABA y lo obligaba a volver a hacer segundo grado.<\/p>\n\n\n\n<p>En ese momento, a sus padres le pareci\u00f3 totalmente injusto (Benjam\u00edn estaba cursando el ciclo sin problemas y, como siempre, con muy buenas clasificaciones) y, adem\u00e1s, les preocupaba lo que eso le ocasionar\u00eda para su educaci\u00f3n y evoluci\u00f3n. Por tal motivo, recurrieron a la abogada Fabiana Rogliano, especializada en ni\u00f1ez y adolescencia, para presentar un amparo para \u00abque se complete el derecho a la educaci\u00f3n y salud del alumno, ya que el mayor perjudicado iba a ser \u00e9l\u00bb.<\/p>\n\n\n\n<p>Enseguida presentaron una medida cautelar que le permiti\u00f3 al ni\u00f1o seguir cursando tercero, acompa\u00f1ado de una denuncia al INADI por discriminaci\u00f3n (el ente reci\u00e9n respondi\u00f3 en octubre, solicitando una mediaci\u00f3n con el ministerio de Educaci\u00f3n).<\/p>\n\n\n\n<p><strong>In\u00e9ditos Fallos judiciales<\/strong><\/p>\n\n\n\n<p>A partir de esos reclamos, el platense Benjam\u00edn se convertir\u00eda en protagonista de un caso que sienta un precedente en todo el pa\u00eds.<\/p>\n\n\n\n<p>Resulta que el 10 de febrero, el juez Federico Atencio, del Juzgado de Garant\u00edas N\u00b01 de la provincia de Buenos Aires, fall\u00f3 a favor de la familia Equiza, al revalidar el certificado de CABA y rechazar la orden de retroceso del ministerio bonaerense.<\/p>\n\n\n\n<p>\u00abSe admiti\u00f3 el amparo en forma integral y se orden\u00f3 a la Direcci\u00f3n General de Escuelas elaborar un plan que contemple las mayores necesidades de Benjam\u00edn, teniendo en cuenta sus altas capacidades\u00bb, afirm\u00f3 la Dra Rogliano, a&nbsp;<strong>Defiendase.com.<\/strong><\/p>\n\n\n\n<p>Sin embargo, la DGCyE apel\u00f3 la sentencia.<\/p>\n\n\n\n<p>Pero luego, el ni\u00f1o de tan s\u00f3lo 7 a\u00f1os, fue el actor principal de un fallo \u00fanico: el 3 de marzo, otra vez el juez Atencio dict\u00f3 un nuevo fallo en el que, ahora s\u00ed, le ordenaba al ministerio bonaerense dise\u00f1ar un programa en conjunto con el colegio para la trayectoria escolar del alumno, \u00abpara enriquecer la curr\u00edcula o que pueda volver a adelantar un grado de ser necesario y, adem\u00e1s, cargar con todas las costas del mismo\u00bb. \u00abEste fallo es el primero que se logra en el pa\u00eds. Hasta entonces, ning\u00fan juez hab\u00eda ordenado a las autoridades educativas dise\u00f1ar un programa para un chico con altas capacidades. Es un precedente a nivel nacional\u00bb, se\u00f1al\u00f3 la letrada.<\/p>\n\n\n\n<p>Listo, \u00a1Benjam\u00edn estaba en condiciones de iniciar cuarto grado!<\/p>\n\n\n\n<p><strong>Defiendase.com<\/strong>&nbsp;dialog\u00f3 con la Dra Fabiana Rogliano y explic\u00f3 todos los detalles del resaltante caso.<\/p>\n\n\n\n<figure class=\"wp-block-embed is-type-rich is-provider-gestor-del-servicio wp-block-embed-gestor-del-servicio wp-embed-aspect-4-3 wp-has-aspect-ratio\"><div class=\"wp-block-embed__wrapper\">\n<iframe loading=\"lazy\" title=\"Tiene 7 a\u00f1os, es superdotado y lo quer\u00edan hacer repetir: fallaron a favor y est\u00e1 en cuarto grado.\" width=\"640\" height=\"480\" src=\"https:\/\/www.youtube.com\/embed\/7GD1yl9Mjs8?feature=oembed\" frameborder=\"0\" allow=\"accelerometer; autoplay; clipboard-write; encrypted-media; gyroscope; picture-in-picture; web-share\" allowfullscreen><\/iframe>\n<\/div><\/figure>\n\n\n\n<p>Adem\u00e1s, la Dra Rogliano explic\u00f3 por qu\u00e9 quer\u00edan hacerlo repetir y cu\u00e1les fueron los motivos del fallo a favor de la familia Equiza.<\/p>\n\n\n\n<figure class=\"wp-block-embed is-type-rich is-provider-gestor-del-servicio wp-block-embed-gestor-del-servicio wp-embed-aspect-4-3 wp-has-aspect-ratio\"><div class=\"wp-block-embed__wrapper\">\n<iframe loading=\"lazy\" title=\"Tiene 7 a\u00f1os, es superdotado y lo quer\u00edan hacer repetir: fallaron a favor y est\u00e1 en cuarto grado.\" width=\"640\" height=\"480\" src=\"https:\/\/www.youtube.com\/embed\/cMQ0xzJ8drI?feature=oembed\" frameborder=\"0\" allow=\"accelerometer; autoplay; clipboard-write; encrypted-media; gyroscope; picture-in-picture; web-share\" allowfullscreen><\/iframe>\n<\/div><\/figure>\n\n\n\n<p><strong>Un repaso por la&nbsp;historia de Benja<\/strong><\/p>\n\n\n\n<p>El ni\u00f1o integra un grupo de chicos con altas capacidades intelectuales; los conocidos como \u00absuperdotados\u00bb&nbsp;Por diagn\u00f3stico de una especialista, tiene \u00abm\u00faltiples potencialidades\u00bb, una facilidad inusual para matem\u00e1tica, un \u00abalto razonamiento verbal, poder de abstracci\u00f3n e inteligencia rica y muy creativa\u00bb.<\/p>\n\n\n\n<p>Con ese diagn\u00f3stico lo pudieron adelantar un a\u00f1o: salt\u00f3 de sala de 4 a primer grado en un colegio privado de La Plata. Pero la historia se repiti\u00f3: lo que ense\u00f1aban ya lo sab\u00eda; lo que a sus compa\u00f1eros les costaba varias clases, \u00e9l lo incorporaba de inmediato. La familia decidi\u00f3 que rindiera libre segundo grado en la Ciudad de Buenos, con un t\u00edtulo de validez nacional, y que cursara directamente tercero.<\/p>\n\n\n\n<p>Actualemente, por todo el caso explicado, se encuentra en cuarto y curs\u00e1ndolo de muy buena manera.&nbsp;<\/p>\n\n\n\n<p><strong>\u00a1Amparo a \u00faltimo momento!<\/strong><\/p>\n\n\n\n<p>Al momento de publicar&nbsp;esta nota, la Fiscal\u00eda de Estado de la Provincia de Buenos Aires present\u00f3 un recurso extraordinario en&nbsp;contra del fallo;&nbsp;por tal motivo, hay que afirmar que el caso todav\u00eda no esta firme, ya que ahora se encuentra pendiente de resolucion este nuevo amparo.&nbsp;<\/p>\n\n\n\n<p>Seg\u00fan pudo averiguar este medio, hay una clara decisi\u00f3n pol\u00edtica (con el Ministro de Educaci\u00f3n, Alberto Sileoni, a la cabeza) que el fallo se cumpla y que entre todas las partes -funcionarios del ministerio, la abogada Rogliano, la familia Equiza y docentes) pueden reunirse nuevamente y terminar de dise\u00f1ar y adaptar el plan educativo para Benjam\u00edn y que, de una vez por todas, el alumno prosiga con su cursada sin ning\u00fan obt\u00e1culo judicial.&nbsp;\u00abEl lunes se presentar\u00e1 el desestimiento y podremos afirmar que se dar\u00e1&nbsp;por finalizado este caso\u00bb, anuncia categ\u00f3ricamente, la Dra Rogliano.&nbsp;&nbsp;<\/p>\n\n\n\n<p><strong>Continuaremos con el seguimiento de este particular&nbsp;caso e informando todo al respecto.&nbsp;<\/strong><\/p>\n\n\n\n<figure class=\"wp-block-image\"><img src=\"https:\/\/www.defiendase.com\/media\/file\/Paso%20superdotado.png\" alt=\"\"\/><\/figure>\n\n\n\n<h3><strong><em>Por Mat\u00edas Alba<\/em>&nbsp;&#8211; Redacci\u00f3n Defiendase.com<\/strong><\/h3>\n","protected":false},"excerpt":{"rendered":"<p>El caso de Benjam\u00edn Equiza logr\u00f3 una sentencia sin precedente a nivel nacional. Pese a<\/p>\n","protected":false},"author":4,"featured_media":2664,"comment_status":"open","ping_status":"open","sticky":false,"template":"","format":"standard","meta":{"om_disable_all_campaigns":false,"_monsterinsights_skip_tracking":false,"_monsterinsights_sitenote_active":false,"_monsterinsights_sitenote_note":"","_monsterinsights_sitenote_category":0},"categories":[16],"tags":[],"aioseo_notices":[],"jetpack_featured_media_url":"https:\/\/defiendase.com\/wp-content\/uploads\/2023\/02\/pizarron_0_0.jpg","post_mailing_queue_ids":[],"_links":{"self":[{"href":"https:\/\/defiendase.com\/index.php\/wp-json\/wp\/v2\/posts\/2663"}],"collection":[{"href":"https:\/\/defiendase.com\/index.php\/wp-json\/wp\/v2\/posts"}],"about":[{"href":"https:\/\/defiendase.com\/index.php\/wp-json\/wp\/v2\/types\/post"}],"author":[{"embeddable":true,"href":"https:\/\/defiendase.com\/index.php\/wp-json\/wp\/v2\/users\/4"}],"replies":[{"embeddable":true,"href":"https:\/\/defiendase.com\/index.php\/wp-json\/wp\/v2\/comments?post=2663"}],"version-history":[{"count":1,"href":"https:\/\/defiendase.com\/index.php\/wp-json\/wp\/v2\/posts\/2663\/revisions"}],"predecessor-version":[{"id":2667,"href":"https:\/\/defiendase.com\/index.php\/wp-json\/wp\/v2\/posts\/2663\/revisions\/2667"}],"wp:featuredmedia":[{"embeddable":true,"href":"https:\/\/defiendase.com\/index.php\/wp-json\/wp\/v2\/media\/2664"}],"wp:attachment":[{"href":"https:\/\/defiendase.com\/index.php\/wp-json\/wp\/v2\/media?parent=2663"}],"wp:term":[{"taxonomy":"category","embeddable":true,"href":"https:\/\/defiendase.com\/index.php\/wp-json\/wp\/v2\/categories?post=2663"},{"taxonomy":"post_tag","embeddable":true,"href":"https:\/\/defiendase.com\/index.php\/wp-json\/wp\/v2\/tags?post=2663"}],"curies":[{"name":"wp","href":"https:\/\/api.w.org\/{rel}","templated":true}]}}