{"id":2649,"date":"2020-11-30T17:59:00","date_gmt":"2020-11-30T17:59:00","guid":{"rendered":"http:\/\/defiendase.impulsatuidea.com\/?p=2649"},"modified":"2023-02-10T17:59:42","modified_gmt":"2023-02-10T17:59:42","slug":"la-importancia-de-la-ley-yolanda","status":"publish","type":"post","link":"https:\/\/defiendase.com\/index.php\/la-importancia-de-la-ley-yolanda\/","title":{"rendered":"La importancia de la Ley Yolanda"},"content":{"rendered":"\n<h3>La norma es homenaje a la primera secretaria de Recursos Naturales y Ambiente Humano de Argentina. En esta nota, las claves<\/h3>\n\n\n\n<p>El Congreso de la Naci\u00f3n sancion\u00f3 la \u00abLey Yolanda que establece la formaci\u00f3n integral en ambiente para la funci\u00f3n p\u00fablica nacional\u00bb.<\/p>\n\n\n\n<p>La ley fue aprobada en general y en particular por 203 votos a favor, 1 en contra y 2 abstenciones,&nbsp;<strong>sin las divisiones que se generaron con las otras dos propuestas<\/strong>&nbsp;que llegaron a la C\u00e1mara.<br><br>Esta iniciativa se como conoce como&nbsp;<strong>\u00abLey Yolanda\u00bb&nbsp;<\/strong>en homenaje a&nbsp;<strong>Yolanda Ortiz,&nbsp;primera secretaria de Recursos Naturales y ambiente humano de Argentina<\/strong>, cargo creado en el a\u00f1o 1973.<\/p>\n\n\n\n<p>Esta Ley &nbsp;abarca a todas las personas que se desempe\u00f1en en todos los cargos nacionales y en los poderes Ejecutivo, Legislativo y Judicial, quienes deber\u00e1n &nbsp;recibir una capacitaci\u00f3n con perspectiva en medio ambiente.<\/p>\n\n\n\n<p><strong>Su objetivo es garantizar la formaci\u00f3n integran en perspectiva de desarrollo sostenible, apoyada en valores sustentables y ambientales para personas que se desempe\u00f1en en la funci\u00f3n p\u00fablica, en todas las jerarqu\u00edas.<\/strong>&nbsp;Estas capacitaciones ser\u00e1n&nbsp; obligatorias con&nbsp; la tem\u00e1tica, a cargo de la \u00abComisi\u00f3n asesora de Educaci\u00f3n Ambiental del consejo Federal de Medio Ambiente\u00bb&nbsp;(COFEMA)&nbsp;<strong>quienes estar\u00e1n arbitrando los medios necesarios para elaborar pol\u00edticas p\u00fablicas para garantizar la correcta aplicaci\u00f3n y actualizaci\u00f3n del contenido de las formaciones.<\/strong><\/p>\n\n\n\n<p><strong>TEMAS A DESARROLLAR EN LAS CAPACITACIONES<\/strong><\/p>\n\n\n\n<ul><li>Concepto del desarrollo sostenible y contribuci\u00f3n de los objetivos de desarrollo sustentable nacionales<\/li><li>Gesti\u00f3n de residuos s\u00f3lidos urbanos<\/li><li>Cambio clim\u00e1tico<\/li><li>Problem\u00e1ticas ambientales<\/li><li>Recursos naturales y biodiversidad<\/li><li>Eficiencia energ\u00e9tica<\/li><li>Derecho ambiental<\/li><li>Econom\u00eda circular<\/li><li>Impacto ambiental de las pol\u00edticas p\u00fablicas<\/li><\/ul>\n\n\n\n<p>El art\u00edculo 9\u00ba &nbsp;de esta norma aclara que<strong>&nbsp;cada organismo deber\u00e1 incluir en su p\u00e1gina web un acceso desde donde la sociedad civil pueda hacer seguimiento del grado de cumplimiento de cada uno de los poderes del Estado.<\/strong>&nbsp;En esta secci\u00f3n, dentro de las p\u00e1ginas webs de los organismos mencionados anteriormente, se identificar\u00e1n las\/os responsables de cada organismo de cumplir con las obligaciones abarcadas en esta ley.<\/p>\n","protected":false},"excerpt":{"rendered":"<p>La norma es homenaje a la primera secretaria de Recursos Naturales y Ambiente Humano de<\/p>\n","protected":false},"author":4,"featured_media":2650,"comment_status":"open","ping_status":"open","sticky":false,"template":"","format":"standard","meta":{"om_disable_all_campaigns":false,"_monsterinsights_skip_tracking":false,"_monsterinsights_sitenote_active":false,"_monsterinsights_sitenote_note":"","_monsterinsights_sitenote_category":0},"categories":[16],"tags":[],"aioseo_notices":[],"jetpack_featured_media_url":"https:\/\/defiendase.com\/wp-content\/uploads\/2023\/02\/yolanda.jpg","post_mailing_queue_ids":[],"_links":{"self":[{"href":"https:\/\/defiendase.com\/index.php\/wp-json\/wp\/v2\/posts\/2649"}],"collection":[{"href":"https:\/\/defiendase.com\/index.php\/wp-json\/wp\/v2\/posts"}],"about":[{"href":"https:\/\/defiendase.com\/index.php\/wp-json\/wp\/v2\/types\/post"}],"author":[{"embeddable":true,"href":"https:\/\/defiendase.com\/index.php\/wp-json\/wp\/v2\/users\/4"}],"replies":[{"embeddable":true,"href":"https:\/\/defiendase.com\/index.php\/wp-json\/wp\/v2\/comments?post=2649"}],"version-history":[{"count":1,"href":"https:\/\/defiendase.com\/index.php\/wp-json\/wp\/v2\/posts\/2649\/revisions"}],"predecessor-version":[{"id":2653,"href":"https:\/\/defiendase.com\/index.php\/wp-json\/wp\/v2\/posts\/2649\/revisions\/2653"}],"wp:featuredmedia":[{"embeddable":true,"href":"https:\/\/defiendase.com\/index.php\/wp-json\/wp\/v2\/media\/2650"}],"wp:attachment":[{"href":"https:\/\/defiendase.com\/index.php\/wp-json\/wp\/v2\/media?parent=2649"}],"wp:term":[{"taxonomy":"category","embeddable":true,"href":"https:\/\/defiendase.com\/index.php\/wp-json\/wp\/v2\/categories?post=2649"},{"taxonomy":"post_tag","embeddable":true,"href":"https:\/\/defiendase.com\/index.php\/wp-json\/wp\/v2\/tags?post=2649"}],"curies":[{"name":"wp","href":"https:\/\/api.w.org\/{rel}","templated":true}]}}