{"id":2644,"date":"2020-09-21T17:57:00","date_gmt":"2020-09-21T17:57:00","guid":{"rendered":"http:\/\/defiendase.impulsatuidea.com\/?p=2644"},"modified":"2023-02-10T17:58:34","modified_gmt":"2023-02-10T17:58:34","slug":"cuarto-ife-toda-la-informacion","status":"publish","type":"post","link":"https:\/\/defiendase.com\/index.php\/cuarto-ife-toda-la-informacion\/","title":{"rendered":"Cuarto IFE: toda la informaci\u00f3n"},"content":{"rendered":"\n<h3>Toda la data necesaria para acceder a este beneficio. Ingresa para saber d\u00f3nde y cu\u00e1ndo cobras el cuarto Ingreso Familiar de Emergencia<\/h3>\n\n\n\n<p><strong>Esta semana el ANSES contin\u00faa abonando el tercer bono del IFE mientras se analiza cuales ser\u00e1 las caracter\u00edsticas de este nuevo cuarto pago.<\/strong><\/p>\n\n\n\n<p>Desde el Estado se ratific\u00f3&nbsp;que mientras dure la pandemia se&nbsp;har\u00e1n todos los esfuerzos fiscales necesarios para que la gente no padezca necesidades.&nbsp;<strong>Alberto Fern\u00e1ndez&nbsp;sostuvo que aunque aun no est\u00e9 confirmado, la ayuda continuara para los sectores m\u00e1s vulnerables.<\/strong><\/p>\n\n\n\n<p>Para el nuevo pago, podr\u00edan llegar a tener en cuenta una nueva condici\u00f3n, as\u00ed informo la titular de ANSES, Mar\u00eda Fernanda Raverta,&nbsp;<strong>quien planteo un nuevo an\u00e1lisis de que se tomaran decisiones seg\u00fan evolucionen las fases.<\/strong><\/p>\n\n\n\n<figure class=\"wp-block-image\"><img src=\"https:\/\/www.defiendase.com\/media\/file\/fotobeccar\/IFEPLACA2.jpg\" alt=\"\"\/><\/figure>\n\n\n\n<p>En el caso del tercer IFE, se hab\u00edan informado nuevos&nbsp;requisitos que dejaron afuera del bono extraordinario a algunas personas que no cumpl\u00edan con lo establecido:<strong>&nbsp;Menores de entre 18 y 25 a\u00f1os que ten\u00edan el mismo domicilio&nbsp; que sus padres, tuvieron que informar una nueva direcci\u00f3n, caso contrario no lograr\u00edan cobrar el bono, ya que solo pod\u00eda hacerlo una sola persona por grupo familiar. Lo mismo en el caso de las personas privadas de su libertad: luego de que se dieran a conocer casos de personas privadas por su libertad que acced\u00edan al bono de emergencia, mediante un decreto dejaron afuera a estas personas de este beneficio.<\/strong><\/p>\n\n\n\n<p><strong>\u00bfA quienes incluir\u00e1 la Renta B\u00e1sica Universal?<\/strong><br>Hay un rango de edades en que la directora de ANSES hizo foco: las personas de 18 a 24 a\u00f1os, que ya no reciben AUH pero est\u00e1n muy lejos de la jubilaci\u00f3n. Ser\u00eda la ?reconversi\u00f3n del IFE, \u00f3sea cuando termine el pago del bono, al finalizar la pandemia del COVID-19.<\/p>\n\n\n\n<p><strong>\u00bfQui\u00e9nes tienen que devolver el IFE?<\/strong><br>Las personas que hayan firmado la declaraci\u00f3n jurada, informando datos falsos deber\u00e1n devolver el IFE. En caso de que hayan falseado datos consignados en las declaraciones, ANSES, proceder\u00e1 por las v\u00edas administrativas y legales al recupero de las sumas cobradas indebidamente.<\/p>\n\n\n\n<figure class=\"wp-block-image\"><img src=\"https:\/\/www.defiendase.com\/media\/file\/fotobeccar\/IFE%204TO%20PLACA.jpg\" alt=\"\"\/><\/figure>\n\n\n\n<p><strong>\u00bfCu\u00e1les son las penas para los que informaron datos falsos?<\/strong><br>Adem\u00e1s el documento informo que la declaraci\u00f3n jurada sujeta a los infractores a penalidades previstas de los art\u00edculos 172, 292, 293 y 298 del c\u00f3digo penal para los delitos de estafa y falsificaci\u00f3n de documento p\u00fablico.<\/p>\n\n\n\n<p><strong>\u00bfC\u00f3mo consulto la fecha de cobro?<\/strong><br>Para consultar el estado de mi tr\u00e1mite y ver si qued\u00e9 calificado para cobrarlo,&nbsp;luego de que ANSES&nbsp;confirme el pago, se podr\u00e1 consultar desde anses.gob.ar, ingresando a la secci\u00f3n&nbsp; Ingreso Familiar de Emergencia o desde Mi Anses con numero de CUIL y Clave de seguridad social.<\/p>\n\n\n\n<h3><strong>Por Valeria Traverso<\/strong><br>Defiendase.com<\/h3>\n","protected":false},"excerpt":{"rendered":"<p>Toda la data necesaria para acceder a este beneficio. Ingresa para saber d\u00f3nde y cu\u00e1ndo<\/p>\n","protected":false},"author":4,"featured_media":2646,"comment_status":"open","ping_status":"open","sticky":false,"template":"","format":"standard","meta":{"om_disable_all_campaigns":false,"_monsterinsights_skip_tracking":false,"_monsterinsights_sitenote_active":false,"_monsterinsights_sitenote_note":"","_monsterinsights_sitenote_category":0},"categories":[16],"tags":[],"aioseo_notices":[],"jetpack_featured_media_url":"https:\/\/defiendase.com\/wp-content\/uploads\/2023\/02\/ife4.jpg","post_mailing_queue_ids":[],"_links":{"self":[{"href":"https:\/\/defiendase.com\/index.php\/wp-json\/wp\/v2\/posts\/2644"}],"collection":[{"href":"https:\/\/defiendase.com\/index.php\/wp-json\/wp\/v2\/posts"}],"about":[{"href":"https:\/\/defiendase.com\/index.php\/wp-json\/wp\/v2\/types\/post"}],"author":[{"embeddable":true,"href":"https:\/\/defiendase.com\/index.php\/wp-json\/wp\/v2\/users\/4"}],"replies":[{"embeddable":true,"href":"https:\/\/defiendase.com\/index.php\/wp-json\/wp\/v2\/comments?post=2644"}],"version-history":[{"count":1,"href":"https:\/\/defiendase.com\/index.php\/wp-json\/wp\/v2\/posts\/2644\/revisions"}],"predecessor-version":[{"id":2648,"href":"https:\/\/defiendase.com\/index.php\/wp-json\/wp\/v2\/posts\/2644\/revisions\/2648"}],"wp:featuredmedia":[{"embeddable":true,"href":"https:\/\/defiendase.com\/index.php\/wp-json\/wp\/v2\/media\/2646"}],"wp:attachment":[{"href":"https:\/\/defiendase.com\/index.php\/wp-json\/wp\/v2\/media?parent=2644"}],"wp:term":[{"taxonomy":"category","embeddable":true,"href":"https:\/\/defiendase.com\/index.php\/wp-json\/wp\/v2\/categories?post=2644"},{"taxonomy":"post_tag","embeddable":true,"href":"https:\/\/defiendase.com\/index.php\/wp-json\/wp\/v2\/tags?post=2644"}],"curies":[{"name":"wp","href":"https:\/\/api.w.org\/{rel}","templated":true}]}}