{"id":2636,"date":"2020-09-08T17:56:00","date_gmt":"2020-09-08T17:56:00","guid":{"rendered":"http:\/\/defiendase.impulsatuidea.com\/?p=2636"},"modified":"2023-02-10T17:57:42","modified_gmt":"2023-02-10T17:57:42","slug":"retiro-por-invalidez","status":"publish","type":"post","link":"https:\/\/defiendase.com\/index.php\/retiro-por-invalidez\/","title":{"rendered":"Retiro por invalidez"},"content":{"rendered":"\n<h3>Si tuviste un accidente y necesitas retirar pero no te da la edad ni los aportes, tenes una oportunidad. Lee la nota completa<\/h3>\n\n\n\n<figure class=\"wp-block-image\"><img src=\"https:\/\/www.defiendase.com\/media\/file\/fotobeccar\/retiro%20portada.jpg\" alt=\"Retiro por invalidez\"\/><\/figure>\n\n\n\n<p>Marta nos envi\u00f3 su consulta. Ella viene trabajando ya hace muchos a\u00f1os y asegura que por una dolencia f\u00edsica a ra\u00edz de un accidente automovil\u00edstico no puede seguir con su empleo.&nbsp;<strong>Tiene una opci\u00f3n: retirarse por invalidez.<\/strong><\/p>\n\n\n\n<p><strong>\u00bfQu\u00e9 es el retiro por invalidez?<\/strong><br>Es una prestaci\u00f3n que podes solicitar si trabajas y, por cuestiones f\u00edsicas o intelectuales, est\u00e1s imposibilitado\/a para desempe\u00f1ar cualquier actividad compatible con tu profesi\u00f3n. La abogada&nbsp;<strong>Suyay P\u00e9rez Montenegro explic\u00f3 que es un beneficio otorgado por el Estado mediante ANSES.<\/strong><\/p>\n\n\n\n<p>El retiro por invalidez les corresponde a aquellos trabajadores en relaci\u00f3n de dependencia y tambi\u00e9n a los aut\u00f3nomos.<\/p>\n\n\n\n<figure class=\"wp-block-embed is-type-rich is-provider-gestor-del-servicio wp-block-embed-gestor-del-servicio wp-embed-aspect-16-9 wp-has-aspect-ratio\"><div class=\"wp-block-embed__wrapper\">\n<iframe loading=\"lazy\" title=\"Retiro por invalidez | Defiendase.com\" width=\"640\" height=\"360\" src=\"https:\/\/www.youtube.com\/embed\/yQFp0ZXJD1k?feature=oembed\" frameborder=\"0\" allow=\"accelerometer; autoplay; clipboard-write; encrypted-media; gyroscope; picture-in-picture; web-share\" allowfullscreen><\/iframe>\n<\/div><\/figure>\n\n\n\n<p><strong>\u00bfCu\u00e1les son los requisitos?<\/strong><br>\u00abTener una&nbsp;<strong>incapacidad f\u00edsica o intelectual que te impiden en un 66% desempe\u00f1ar tus actividades\u00bb<\/strong>, explic\u00f3 la abogada y agreg\u00f3 que esto lo debe determinar una junta m\u00e9dica dentro del \u00e1mbito de la superintendencia de riesgos del trabajo.<\/p>\n\n\n\n<p>Otro de los requisitos para poder acceder al retiro por invalidez es&nbsp;<strong>no haber alcanzado la edad ni los a\u00f1os de aportes establecidos para acceder a la jubilaci\u00f3n ordinaria.<\/strong><\/p>\n\n\n\n<p><strong>\u00abTambi\u00e9n se debe ser un aportante regular o irregular. La primera tiene que ver con el aporte de 30 meses dentro de los 36 meses anteriores a la fecha en la que solicitaste el beneficio. Por su parte, ser un aportante irregular significa tener los aportes de 18 meses dentro de los 36 meses anteriores al beneficio\u00bb.<\/strong><\/p>\n\n\n\n<figure class=\"wp-block-image\"><img src=\"https:\/\/www.defiendase.com\/media\/file\/fotobeccar\/retiro%20placa.jpg\" alt=\"\"\/><\/figure>\n\n\n\n<p><strong>Para acceder a este derecho es necesario presentar una cierta documentaci\u00f3n que ser\u00e1 solicitada por ANSES. DNI, libreta c\u00edvica o libreta de enrolamiento<\/strong>&nbsp;de qui\u00e9n solicite el retiro. Si esta persona no cuenta con alguno de estas identificaciones deber\u00e1 presentar constancia de DNI en tr\u00e1mite.<\/p>\n\n\n\n<p><strong>Adem\u00e1s, habr\u00e1 que completar el Formulario PS.6.284<\/strong>, (que es una declaraci\u00f3n jurada sobre la eventual percepci\u00f3n de prestaci\u00f3n no adheridas al SIPA o en FF.AA.) firmado por el titular.<\/p>\n\n\n\n<p><strong>Ante todo, hay que tener toda la documentaci\u00f3n m\u00e9dica que justifique el 66% de invalidez.<\/strong>&nbsp;Hay que presentar los papeles originales de todos los estudios, diagn\u00f3sticos y certificados realizados y el papel original de la n\u00f3mina de los m\u00e9dicos que lo asistieron y actualmente lo asisten.<\/p>\n\n\n\n<p>Recientemente la Justicia Federal de la Seguridad Social, en su juzgado n\u00famero 8&nbsp;intim\u00f3 a la Superintendencia de Riesgos del Trabajo a que se inicien las tareas pendientes respecto a los&nbsp;<strong>Retiro por invalidez<\/strong>.<strong>&nbsp;<\/strong>Desde el inicio del aislamiento obligatorio, el 20 de marzo, quienes necesitan esa prestaci\u00f3n no pueden hacer el tr\u00e1mite para el alta, ni de manera virtual ni de forma presencial.<\/p>\n\n\n\n<p>Volv\u00e9 a leer esta nota de Defiendase.com,&nbsp;<strong>\u00bfc\u00f3mo actuar si te niegan una Pensi\u00f3n por Invalidez?<\/strong><br><strong><a href=\"http:\/\/defiendase.com\/articulos\/-me-negaron-una-pension-por-invalidez-\/3915\" target=\"_blank\" rel=\"noreferrer noopener\">Conoce de que tratan las pensiones y defende tus derechos haciendo clic aqu\u00ed.<\/a><\/strong><\/p>\n\n\n\n<h3><strong>Por Federico A. P\u00e9rez<\/strong><br>Redactor | Editor&nbsp;<strong>Defiendase.com<\/strong><\/h3>\n","protected":false},"excerpt":{"rendered":"<p>Si tuviste un accidente y necesitas retirar pero no te da la edad ni los<\/p>\n","protected":false},"author":4,"featured_media":2640,"comment_status":"open","ping_status":"open","sticky":false,"template":"","format":"standard","meta":{"om_disable_all_campaigns":false,"_monsterinsights_skip_tracking":false,"_monsterinsights_sitenote_active":false,"_monsterinsights_sitenote_note":"","_monsterinsights_sitenote_category":0},"categories":[16],"tags":[],"aioseo_notices":[],"jetpack_featured_media_url":"https:\/\/defiendase.com\/wp-content\/uploads\/2023\/02\/retiro-portada.jpg","post_mailing_queue_ids":[],"_links":{"self":[{"href":"https:\/\/defiendase.com\/index.php\/wp-json\/wp\/v2\/posts\/2636"}],"collection":[{"href":"https:\/\/defiendase.com\/index.php\/wp-json\/wp\/v2\/posts"}],"about":[{"href":"https:\/\/defiendase.com\/index.php\/wp-json\/wp\/v2\/types\/post"}],"author":[{"embeddable":true,"href":"https:\/\/defiendase.com\/index.php\/wp-json\/wp\/v2\/users\/4"}],"replies":[{"embeddable":true,"href":"https:\/\/defiendase.com\/index.php\/wp-json\/wp\/v2\/comments?post=2636"}],"version-history":[{"count":1,"href":"https:\/\/defiendase.com\/index.php\/wp-json\/wp\/v2\/posts\/2636\/revisions"}],"predecessor-version":[{"id":2643,"href":"https:\/\/defiendase.com\/index.php\/wp-json\/wp\/v2\/posts\/2636\/revisions\/2643"}],"wp:featuredmedia":[{"embeddable":true,"href":"https:\/\/defiendase.com\/index.php\/wp-json\/wp\/v2\/media\/2640"}],"wp:attachment":[{"href":"https:\/\/defiendase.com\/index.php\/wp-json\/wp\/v2\/media?parent=2636"}],"wp:term":[{"taxonomy":"category","embeddable":true,"href":"https:\/\/defiendase.com\/index.php\/wp-json\/wp\/v2\/categories?post=2636"},{"taxonomy":"post_tag","embeddable":true,"href":"https:\/\/defiendase.com\/index.php\/wp-json\/wp\/v2\/tags?post=2636"}],"curies":[{"name":"wp","href":"https:\/\/api.w.org\/{rel}","templated":true}]}}