{"id":2589,"date":"2017-12-31T17:47:00","date_gmt":"2017-12-31T17:47:00","guid":{"rendered":"http:\/\/defiendase.impulsatuidea.com\/?p=2589"},"modified":"2023-02-10T17:48:43","modified_gmt":"2023-02-10T17:48:43","slug":"defensor-del-nino-ya-2","status":"publish","type":"post","link":"https:\/\/defiendase.com\/index.php\/defensor-del-nino-ya-2\/","title":{"rendered":"\u00a1Defensor del ni\u00f1o ya!"},"content":{"rendered":"\n<h3>Cada vez falta menos para que alguien proteja a los mas chicos. El Congreso se puso las pilas y el Defensor est\u00e1 llegando<\/h3>\n\n\n\n<p>La Comisi\u00f3n Bicameral del Defensor de los derechos de ni\u00f1as, ni\u00f1os y adolescentes inici\u00f3 sus tareas para que los m\u00e1s chicos tengan a su protector. La obligaci\u00f3n de la oficina legislativa ahora es encontrar a alguien id\u00f3neo para el puesto que est\u00e1&nbsp;<strong>vacante desde hace 12 a\u00f1os.<\/strong><\/p>\n\n\n\n<p><strong>\u0093Este a\u00f1o, para la infancia en la Argentina va a ser un a\u00f1o para recordar\u0094<\/strong>, dijo la Diputada Nacional Carla Carrizo en una entrevista con Defiendase.com. Ahora con la designaci\u00f3n del Defensor como objetivo final buscan tambi\u00e9n hacer visible la instituci\u00f3n, que tienen como principal fin<strong>&nbsp;representar a la infancia y a la adolescencia.<\/strong><\/p>\n\n\n\n<figure class=\"wp-block-embed is-type-rich is-provider-gestor-del-servicio wp-block-embed-gestor-del-servicio wp-embed-aspect-16-9 wp-has-aspect-ratio\"><div class=\"wp-block-embed__wrapper\">\n<iframe loading=\"lazy\" title=\"Defensor del ni\u00f1o ya - Defiendase.com I\" width=\"640\" height=\"360\" src=\"https:\/\/www.youtube.com\/embed\/DzXGt2Zh-Y4?feature=oembed\" frameborder=\"0\" allow=\"accelerometer; autoplay; clipboard-write; encrypted-media; gyroscope; picture-in-picture; web-share\" allowfullscreen><\/iframe>\n<\/div><\/figure>\n\n\n\n<p><strong>\u0093El Defensor es el vocero de los chicos y j\u00f3venes argentinos ante los tres poderes p\u00fablicos nacionales, es decir, ante el Ejecutivo, Judicial y Legislativo\u0094<\/strong>, se\u00f1ala la representante del Congreso y agrega que esta figura tambi\u00e9n cumple la tarea de proteger con herramientas concretas a los mas chicos y evitar que sus derechos no sean vulnerados.&nbsp;<strong>\u0093Puede cuidar a los ni\u00f1os presentando amparos y evitando decisiones publicas que puedan hacer da\u00f1o\u0094.<\/strong><\/p>\n\n\n\n<p><strong>A veces se confunde con el abogado del ni\u00f1o, que tiene como funci\u00f3n patrocinar legalmente al menor ante la justicia<\/strong>, mientras que el defensor del ni\u00f1o tiene otra funci\u00f3n.<\/p>\n\n\n\n<p><strong>En total son 68 los candidatos al puesto<\/strong>. En marzo del 2018 empieza el proceso de selecci\u00f3n y estiman que para el mes de junio del pr\u00f3ximo a\u00f1o Argentina tendr\u00e1 al Defensor del Ni\u00f1o. El proceso de selecci\u00f3n consta de 4 etapas: se van a estudiar primero<strong>&nbsp;los antecedentes acad\u00e9micos<\/strong>, luego un&nbsp;<strong>examen escrito<\/strong>&nbsp;para evitar alguna arbitrariedad de quien los corrige, en la etapa 3 los postulantes presentaran un&nbsp;<strong>plan de acci\u00f3n sobre c\u00f3mo gestionaran esa instituci\u00f3n por 5 a\u00f1os<\/strong>, la 4ta etapa ser\u00e1 una&nbsp;<strong>audiencia publica<\/strong>&nbsp;para que la sociedad sepa todo de los candidatos junto a los legisladores nacionales de ambas c\u00e1maras.<\/p>\n\n\n\n<figure class=\"wp-block-image\"><img src=\"https:\/\/www.defiendase.com\/media\/file\/PLACA-DEFENSOR.gif\" alt=\"\"\/><\/figure>\n\n\n\n<p>Los chicos de todas las provincias tienen que sentir que no tienen infancias distintas por el lugar en el que nacen y que Argentina es su pa\u00eds. Para que eso ocurra,&nbsp;<strong>al Defensor le vamos a pedir que tenga una l\u00ednea telef\u00f3nica nacional activa, el objetivo es que los chicos \u0093hablen con \u00e9l\u0094 y con una instituci\u00f3n que les pertenece.&nbsp;<\/strong>All\u00ed podr\u00e1n contar lo que no les gusta, puede ser o un maestro o lo que ocurre en sus familias, etc, explic\u00f3 la diputada de la UCR.<\/p>\n\n\n\n<p>Por su parte, Manuela Thourte, Asesora de la Comisi\u00f3n Bicameral del Defensor del Ni\u00f1o, aclara que, si bien todas las provincias tienen una secretaria o direcci\u00f3n de ni\u00f1ez,&nbsp;<strong>la figura del Defensor Nacional es importante.&nbsp;<\/strong>En este momento&nbsp;<strong>son 6 las provincias que cuentan con esa figura y la tarea del nuevo Defensor ser\u00e1 promover la creaci\u00f3n de otras nuevas<\/strong>&nbsp;en el resto del pa\u00eds.<\/p>\n\n\n\n<p><strong>Es un tema un poco m\u00e1s dif\u00edcil cuando hablamos del nivel municipal porque en no tienen presupuesto para crear y mantener esta figura<\/strong>, pero es all\u00ed donde los ni\u00f1os viven. Por esta raz\u00f3n, ser\u00e1n&nbsp;<strong>las secretarias provinciales quienes trabajen con ellos para promover y garantizar los derechos.<\/strong><\/p>\n\n\n\n<figure class=\"wp-block-embed is-type-rich is-provider-gestor-del-servicio wp-block-embed-gestor-del-servicio wp-embed-aspect-16-9 wp-has-aspect-ratio\"><div class=\"wp-block-embed__wrapper\">\n<iframe loading=\"lazy\" title=\"Defensor del ni\u00f1o ya - Defiendase.com II\" width=\"640\" height=\"360\" src=\"https:\/\/www.youtube.com\/embed\/qMylVVgPNrk?feature=oembed\" frameborder=\"0\" allow=\"accelerometer; autoplay; clipboard-write; encrypted-media; gyroscope; picture-in-picture; web-share\" allowfullscreen><\/iframe>\n<\/div><\/figure>\n\n\n\n<p>Los requisitos para ser defensor del ni\u00f1o establecen unos requisitos b\u00e1sicos: ser argentino, tener 30 a\u00f1os y tener trayectoria en la defensa y promoci\u00f3n de los derechos de los ni\u00f1os, ni\u00f1as y adolescentes.<\/p>\n\n\n\n<p>Para llegar a la postulaci\u00f3n de 68 personas,&nbsp;<strong>se hicieron audiencias publicas previamente, en donde la ciudadan\u00eda, las ONG y los expertos se\u00f1alaron lo que el Defensor deber\u00eda tener como cualidad.&nbsp;<\/strong>Una de las primeras tareas para saber eso fue escuchar a los chicos, que&nbsp;<strong>en la mayor\u00eda de los casos lo representaron como un superh\u00e9roe que los va a proteger<\/strong>, se\u00f1al\u00f3 la secretaria de la Comisi\u00f3n Mar\u00eda Schwelm.<\/p>\n\n\n\n<p>Carrizo se\u00f1al\u00f3 tambi\u00e9n que el esfuerzo realizado en los \u00faltimos meses por los integrantes del Congreso fue para demostrar que se pueden construir instituciones en Argentina, y explica que&nbsp;<strong>los oficialismos de cualquier partido tienen que entender que los organismos de control no est\u00e1n hechos para blindar lo que hacen<\/strong>, si no para escrutar y advertir cuando las cosas no se hacen bien, mientras que&nbsp;<strong>las oposiciones tienen que aprender que los organismos de control no son espacios para jubilar carreras pol\u00edticas<\/strong>.<\/p>\n","protected":false},"excerpt":{"rendered":"<p>Cada vez falta menos para que alguien proteja a los mas chicos. El Congreso se<\/p>\n","protected":false},"author":4,"featured_media":2594,"comment_status":"open","ping_status":"open","sticky":false,"template":"","format":"standard","meta":{"om_disable_all_campaigns":false,"_monsterinsights_skip_tracking":false,"_monsterinsights_sitenote_active":false,"_monsterinsights_sitenote_note":"","_monsterinsights_sitenote_category":0},"categories":[16],"tags":[],"aioseo_notices":[],"jetpack_featured_media_url":"https:\/\/defiendase.com\/wp-content\/uploads\/2023\/02\/defnino.gif","post_mailing_queue_ids":[],"_links":{"self":[{"href":"https:\/\/defiendase.com\/index.php\/wp-json\/wp\/v2\/posts\/2589"}],"collection":[{"href":"https:\/\/defiendase.com\/index.php\/wp-json\/wp\/v2\/posts"}],"about":[{"href":"https:\/\/defiendase.com\/index.php\/wp-json\/wp\/v2\/types\/post"}],"author":[{"embeddable":true,"href":"https:\/\/defiendase.com\/index.php\/wp-json\/wp\/v2\/users\/4"}],"replies":[{"embeddable":true,"href":"https:\/\/defiendase.com\/index.php\/wp-json\/wp\/v2\/comments?post=2589"}],"version-history":[{"count":1,"href":"https:\/\/defiendase.com\/index.php\/wp-json\/wp\/v2\/posts\/2589\/revisions"}],"predecessor-version":[{"id":2596,"href":"https:\/\/defiendase.com\/index.php\/wp-json\/wp\/v2\/posts\/2589\/revisions\/2596"}],"wp:featuredmedia":[{"embeddable":true,"href":"https:\/\/defiendase.com\/index.php\/wp-json\/wp\/v2\/media\/2594"}],"wp:attachment":[{"href":"https:\/\/defiendase.com\/index.php\/wp-json\/wp\/v2\/media?parent=2589"}],"wp:term":[{"taxonomy":"category","embeddable":true,"href":"https:\/\/defiendase.com\/index.php\/wp-json\/wp\/v2\/categories?post=2589"},{"taxonomy":"post_tag","embeddable":true,"href":"https:\/\/defiendase.com\/index.php\/wp-json\/wp\/v2\/tags?post=2589"}],"curies":[{"name":"wp","href":"https:\/\/api.w.org\/{rel}","templated":true}]}}