{"id":2578,"date":"2016-10-15T17:44:00","date_gmt":"2016-10-15T17:44:00","guid":{"rendered":"http:\/\/defiendase.impulsatuidea.com\/?p=2578"},"modified":"2023-02-10T17:45:01","modified_gmt":"2023-02-10T17:45:01","slug":"al-pueblo-lo-defiende-una-silla-vacia","status":"publish","type":"post","link":"https:\/\/defiendase.com\/index.php\/al-pueblo-lo-defiende-una-silla-vacia\/","title":{"rendered":"Al pueblo lo defiende una silla vac\u00eda"},"content":{"rendered":"\n<h3>Desde el 2009, estamos sin un Defensor del Pueblo que vele por nuestros derechos. Un tema grave que seguimos denunciando en nuestra p\u00e1gina. Mir\u00e1 en esta nota porqu\u00e9 deben cambiar las cosas.<\/h3>\n\n\n\n<p>En junio del 2015, el equipo de Defiendase te cont\u00f3 que la Defensor\u00eda del Pueblo de la Naci\u00f3n no tiene un defensor que la encabece como lo rige la Constituci\u00f3n desde hace m\u00e1s de 7 a\u00f1os. Si bien Carlos Haqu\u00edm, el entonces Secretario General, se hizo cargo hasta que fue elegido como vicegobernador de la provincia de Jujuy, no pod\u00eda cumplir con el 100% de las tareas \u00abporque no gozaba de una legitimaci\u00f3n procesal\u00bb, hab\u00eda explicado el primer Ombudsman argentino, Jorge Maiorano.<\/p>\n\n\n\n<p>Recordemos que el defensor del pueblo es un \u00f3rgano que tiene como finalidad la protecci\u00f3n de los derechos e intereses de las personas frente a los abusos de la administraci\u00f3n p\u00fablica, sentencia el abogado constitucionalista Daniel Sabsay.&nbsp;<\/p>\n\n\n\n<figure class=\"wp-block-embed is-type-rich is-provider-gestor-del-servicio wp-block-embed-gestor-del-servicio wp-embed-aspect-16-9 wp-has-aspect-ratio\"><div class=\"wp-block-embed__wrapper\">\n<iframe loading=\"lazy\" title=\"Sabsay sobre el Defensor del Pueblo - Defiendase com\" width=\"640\" height=\"360\" src=\"https:\/\/www.youtube.com\/embed\/OUc9thnI6Ok?feature=oembed\" frameborder=\"0\" allow=\"accelerometer; autoplay; clipboard-write; encrypted-media; gyroscope; picture-in-picture; web-share\" allowfullscreen><\/iframe>\n<\/div><\/figure>\n\n\n\n<p>\u00abEl origen del Defensor del Pueblo es sueco y aparece a fines del siglo XVIII. A trav\u00e9s de sus investigaciones, indagaciones y denuncias es alguien que vela permanentemente por la plena vigencia de todos los tipos de derechos de las personas\u00bb, detalla.&nbsp;<\/p>\n\n\n\n<p>Sabsay remarca tambi\u00e9n que la titularidad est\u00e1 vacante desde hace siete a\u00f1os, ?lo cual es sumamente grave y se deriva de la falta de acuerdo dentro del Congreso para obtener una mayor\u00eda calificada para la designaci\u00f3n de este funcionario. Lamentablemente se continua con esta situaci\u00f3n, la cual se ha agravado mucho en los \u00faltimos tiempos porque antes exist\u00edan dos defensores adjuntos que est\u00e1n previstos tambi\u00e9n en la ley reglamentaria de la Constituci\u00f3n pero que han cesado en sus mandatos, as\u00ed que la acefalia es total y absoluta.&nbsp;<\/p>\n\n\n\n<p>Defi\u00e9ndase tambi\u00e9n habl\u00f3 con el Dr. Marcelo Honores, quien ocupa el cargo de Secretario General en la Defensor\u00eda del Pueblo de la Provincia de Buenos Aires por la misma raz\u00f3n, la falta de consenso del poder legislativo.&nbsp;<\/p>\n\n\n\n<p>Honores explica que la tarea del defensor es garantizar los derechos de los habitantes, en su caso en la provincia de Buenos Aires frente a omisiones del Estado o hechos que violan en forma deficiente, maliciosa e irregular los derechos de los ciudadanos.&nbsp;<\/p>\n\n\n\n<figure class=\"wp-block-embed is-type-rich is-provider-gestor-del-servicio wp-block-embed-gestor-del-servicio wp-embed-aspect-16-9 wp-has-aspect-ratio\"><div class=\"wp-block-embed__wrapper\">\n<iframe loading=\"lazy\" title=\"Dr.  Honores y la falta de Defensor del Pueblo Nacional - Defiendase com\" width=\"640\" height=\"360\" src=\"https:\/\/www.youtube.com\/embed\/2SvE-va1eQg?feature=oembed\" frameborder=\"0\" allow=\"accelerometer; autoplay; clipboard-write; encrypted-media; gyroscope; picture-in-picture; web-share\" allowfullscreen><\/iframe>\n<\/div><\/figure>\n\n\n\n<p>\u00abLa verdad que es una instituci\u00f3n que tiene su influencia en toda la provincia de Buenos Aires y trabaja, se esmera y trata de cumplir su rol constitucional\u00bb.<\/p>\n\n\n\n<p>Ante la falta del Defensor del Pueblo de la Naci\u00f3n, el Dr. Honores asegura que es un tema que debe resolverse porque est\u00e1 pendiente de an\u00e1lisis, debate y discusi\u00f3n.\u00bbCreo que a partir del fallo de la Corte Suprema respecto a las tarifas se ha instalado nuevamente el debate\u00bb, agreg\u00f3 ademas. &nbsp;<\/p>\n\n\n\n<p><strong>\u00bfPodr\u00eda accionar el Defensor ante el aumento de las tarifas?<\/strong><\/p>\n\n\n\n<p>Si, dijo el Dr. Sabsay, \u00ablo que tiene de muy positivo es que el defensor del pueblo puede accionar ante la justicia en representaci\u00f3n de distintos colectivos afectados por los cuadros tarifarios si as\u00ed lo considerasen, lo cual genera econom\u00eda procesal, y adem\u00e1s de parte de los damnificados la posibilidad de estar representados por un funcionario estatal. De todos modos, todav\u00eda desde la misma Corte Suprema se le ha reta bastante la legitimaci\u00f3n, es decir, la posibilidad de actuar ante la justicia, pero esto se ha extendido con el tiempo \u00f3sea que ser\u00eda muy positivo si as\u00ed ocurriese\u00bb.<\/p>\n\n\n\n<p>Por su parte, Honores nos cuenta que sabe que existen proyectos de leyes tendientes a modificar el mecanismo de selecci\u00f3n para garantizar la independencia y la autonom\u00eda del ombudsman, \u00aby en definitiva la fortaleza del Defensor Del Pueblo que es una figura insustituible y necesaria porque en todo este tema tarifario de car\u00e1cter nacional permite ejercer la representaci\u00f3n colectiva a trav\u00e9s de esa figura y que no sea necesario que cientos de organizaciones tengan que presentarse para poder cumplir con el cometido de resguardar derechos\u00bb.&nbsp;<\/p>\n\n\n\n<p>\u00abNosotros compartimos la necesidad de la figura, primero por la fortaleza de la Instituci\u00f3n y adem\u00e1s por el rol que cumple que venimos sosteniendo, afirmando y convalidando que es el tema de los derechos de los ciudadanos\u00bb, concluy\u00f3 Marcelo Honores.&nbsp;<\/p>\n\n\n\n<p>Art\u00edculo relacionado:&nbsp;<a href=\"http:\/\/www.defiendase.com\/articulos\/una-defensoria-que-no-defiende\/3515\" target=\"_blank\" rel=\"noreferrer noopener\">http:\/\/www.defiendase.com\/articulos\/una-defensoria-que-no-defiende\/3515<\/a><\/p>\n","protected":false},"excerpt":{"rendered":"<p>Desde el 2009, estamos sin un Defensor del Pueblo que vele por nuestros derechos. Un<\/p>\n","protected":false},"author":4,"featured_media":2581,"comment_status":"open","ping_status":"open","sticky":false,"template":"","format":"standard","meta":{"om_disable_all_campaigns":false,"_monsterinsights_skip_tracking":false,"_monsterinsights_sitenote_active":false,"_monsterinsights_sitenote_note":"","_monsterinsights_sitenote_category":0},"categories":[16],"tags":[],"aioseo_notices":[],"jetpack_featured_media_url":"https:\/\/defiendase.com\/wp-content\/uploads\/2023\/02\/DEFENSOR-DEL-PUEBLO1.gif","post_mailing_queue_ids":[],"_links":{"self":[{"href":"https:\/\/defiendase.com\/index.php\/wp-json\/wp\/v2\/posts\/2578"}],"collection":[{"href":"https:\/\/defiendase.com\/index.php\/wp-json\/wp\/v2\/posts"}],"about":[{"href":"https:\/\/defiendase.com\/index.php\/wp-json\/wp\/v2\/types\/post"}],"author":[{"embeddable":true,"href":"https:\/\/defiendase.com\/index.php\/wp-json\/wp\/v2\/users\/4"}],"replies":[{"embeddable":true,"href":"https:\/\/defiendase.com\/index.php\/wp-json\/wp\/v2\/comments?post=2578"}],"version-history":[{"count":1,"href":"https:\/\/defiendase.com\/index.php\/wp-json\/wp\/v2\/posts\/2578\/revisions"}],"predecessor-version":[{"id":2582,"href":"https:\/\/defiendase.com\/index.php\/wp-json\/wp\/v2\/posts\/2578\/revisions\/2582"}],"wp:featuredmedia":[{"embeddable":true,"href":"https:\/\/defiendase.com\/index.php\/wp-json\/wp\/v2\/media\/2581"}],"wp:attachment":[{"href":"https:\/\/defiendase.com\/index.php\/wp-json\/wp\/v2\/media?parent=2578"}],"wp:term":[{"taxonomy":"category","embeddable":true,"href":"https:\/\/defiendase.com\/index.php\/wp-json\/wp\/v2\/categories?post=2578"},{"taxonomy":"post_tag","embeddable":true,"href":"https:\/\/defiendase.com\/index.php\/wp-json\/wp\/v2\/tags?post=2578"}],"curies":[{"name":"wp","href":"https:\/\/api.w.org\/{rel}","templated":true}]}}