{"id":2572,"date":"2016-09-10T17:42:00","date_gmt":"2016-09-10T17:42:00","guid":{"rendered":"http:\/\/defiendase.impulsatuidea.com\/?p=2572"},"modified":"2023-02-10T17:44:02","modified_gmt":"2023-02-10T17:44:02","slug":"sumando-esfuerzos","status":"publish","type":"post","link":"https:\/\/defiendase.com\/index.php\/sumando-esfuerzos\/","title":{"rendered":"Sumando esfuerzos"},"content":{"rendered":"\n<h3>Defi\u00e9ndase estuvo en la firma del convenio de cooperaci\u00f3n entre el Ministerio de Defensa de la Naci\u00f3n y Scouts de Argentina.<\/h3>\n\n\n\n<figure class=\"wp-block-image\"><img src=\"https:\/\/www.defiendase.com\/media\/file\/HPfXQfix.jpeg\" alt=\"Sumando esfuerzos<br&gt;\"\/><\/figure>\n\n\n\n<p>El Presidente de Scouts de Argentina Asociaci\u00f3n Civil, Gerardo Mattei y el Ministro de Defensa, Julio Mart\u00ednez, se reunieron en el Edificio del Libertador, sede de esa cartera nacional para sellar un acuerdo colaborativo.<\/p>\n\n\n\n<p>El convenio se centra en materia de infraestructura, espacios y log\u00edstica, que la Asociaci\u00f3n Civil pueda llegar a necesitar para cumplir con la tarea educativa, ya sea en la realizaci\u00f3n de actividades de gran n\u00famero de participantes, como en futuras acciones de Emergencias y Servicios.<\/p>\n\n\n\n<figure class=\"wp-block-embed is-type-rich is-provider-gestor-del-servicio wp-block-embed-gestor-del-servicio wp-embed-aspect-16-9 wp-has-aspect-ratio\"><div class=\"wp-block-embed__wrapper\">\n<iframe loading=\"lazy\" title=\"Convenio entre el Min  de Defensa y Scouts Argentina   Defiendase com\" width=\"640\" height=\"360\" src=\"https:\/\/www.youtube.com\/embed\/Acu9_ocY960?feature=oembed\" frameborder=\"0\" allow=\"accelerometer; autoplay; clipboard-write; encrypted-media; gyroscope; picture-in-picture; web-share\" allowfullscreen><\/iframe>\n<\/div><\/figure>\n\n\n\n<p>\u00abNos parece muy importante todo lo que incentive el desarrollo de los j\u00f3venes desde los buenos h\u00e1bitos y valores\u00bb, expres\u00f3 el ministro Mart\u00ednez y destac\u00f3 que desde la cartera que conduce \u00abse les dar\u00e1 contenci\u00f3n, seguridad y, a su vez, se pondr\u00e1 a su disposici\u00f3n infraestructura para que puedan avanzar con su cometidos\u00bb.<\/p>\n\n\n\n<p>Por su parte, Mattei explic\u00f3 a Defi\u00e9ndase que en la asociaci\u00f3n hay 70 mil miembros y que quieren llegar dentro de un par de a\u00f1os a los 100 mil y cree que este convenio ayudar\u00e1 a cumplir a ese objetivo.&nbsp;<\/p>\n\n\n\n<p>En la reuni\u00f3n tambi\u00e9n estuvieron reunidos el Jefe del Estado Mayor Conjunto de las Fuerzas Armadas, Bari del Valle Sosa, el periodista Luis Otero y el Director Ejecutivo de Scouts de Argentina, Juan Manuel Salvado.&nbsp;<\/p>\n\n\n\n<p>Este \u00faltimo detall\u00f3 que \u0093una vez protocolizado el convenio por presidencia de la Naci\u00f3n, se dar\u00e1n los primeros pasos del acuerdo con algunas acciones concretas de la Direcci\u00f3n de Encuentros Scouts para poner en pr\u00e1ctica los mecanismos, y en segundo lugar generaremos con el Estado Mayor Conjunto un protocolo de acci\u00f3n para que el mismo sea elevado a las diferentes Fuerzas y Directores de Zona en su implementaci\u00f3n\u0094.<\/p>\n\n\n\n<p>Adem\u00e1s, la tercera etapa, ser\u00e1 trabajar en futuras acciones de apoyo a la tarea de emergencias, junto a la Direcci\u00f3n de Emergencias y Servicios.<\/p>\n\n\n\n<p>Desde el Ministerio agregaron que el siguiente paso a la firma del acuerdo ser\u00e1 realizar una prueba piloto y una evaluaci\u00f3n con un monitoreo del funcionamiento.<\/p>\n","protected":false},"excerpt":{"rendered":"<p>Defi\u00e9ndase estuvo en la firma del convenio de cooperaci\u00f3n entre el Ministerio de Defensa de<\/p>\n","protected":false},"author":4,"featured_media":2574,"comment_status":"open","ping_status":"open","sticky":false,"template":"","format":"standard","meta":{"om_disable_all_campaigns":false,"_monsterinsights_skip_tracking":false,"_monsterinsights_sitenote_active":false,"_monsterinsights_sitenote_note":"","_monsterinsights_sitenote_category":0},"categories":[16],"tags":[],"aioseo_notices":[],"jetpack_featured_media_url":"https:\/\/defiendase.com\/wp-content\/uploads\/2023\/02\/HPfXQfix.jpeg","post_mailing_queue_ids":[],"_links":{"self":[{"href":"https:\/\/defiendase.com\/index.php\/wp-json\/wp\/v2\/posts\/2572"}],"collection":[{"href":"https:\/\/defiendase.com\/index.php\/wp-json\/wp\/v2\/posts"}],"about":[{"href":"https:\/\/defiendase.com\/index.php\/wp-json\/wp\/v2\/types\/post"}],"author":[{"embeddable":true,"href":"https:\/\/defiendase.com\/index.php\/wp-json\/wp\/v2\/users\/4"}],"replies":[{"embeddable":true,"href":"https:\/\/defiendase.com\/index.php\/wp-json\/wp\/v2\/comments?post=2572"}],"version-history":[{"count":1,"href":"https:\/\/defiendase.com\/index.php\/wp-json\/wp\/v2\/posts\/2572\/revisions"}],"predecessor-version":[{"id":2577,"href":"https:\/\/defiendase.com\/index.php\/wp-json\/wp\/v2\/posts\/2572\/revisions\/2577"}],"wp:featuredmedia":[{"embeddable":true,"href":"https:\/\/defiendase.com\/index.php\/wp-json\/wp\/v2\/media\/2574"}],"wp:attachment":[{"href":"https:\/\/defiendase.com\/index.php\/wp-json\/wp\/v2\/media?parent=2572"}],"wp:term":[{"taxonomy":"category","embeddable":true,"href":"https:\/\/defiendase.com\/index.php\/wp-json\/wp\/v2\/categories?post=2572"},{"taxonomy":"post_tag","embeddable":true,"href":"https:\/\/defiendase.com\/index.php\/wp-json\/wp\/v2\/tags?post=2572"}],"curies":[{"name":"wp","href":"https:\/\/api.w.org\/{rel}","templated":true}]}}