{"id":2559,"date":"2016-06-04T17:35:00","date_gmt":"2016-06-04T17:35:00","guid":{"rendered":"http:\/\/defiendase.impulsatuidea.com\/?p=2559"},"modified":"2023-02-10T17:37:15","modified_gmt":"2023-02-10T17:37:15","slug":"que-te-pasa-afa","status":"publish","type":"post","link":"https:\/\/defiendase.com\/index.php\/que-te-pasa-afa\/","title":{"rendered":"\u00bfQu\u00e9 te pasa AFA?"},"content":{"rendered":"\n<h3>El Inspector General de Justicia habl\u00f3 con Defi\u00e9ndase de la delicada situaci\u00f3n de la Asociaci\u00f3n de F\u00fatbol Argentino.<\/h3>\n\n\n\n<figure class=\"wp-block-image\"><img src=\"https:\/\/www.defiendase.com\/media\/file\/afa.gif\" alt=\"\u00bfQu\u00e9 te pasa AFA?\"\/><\/figure>\n\n\n\n<p>Sergio Brodsky, Inspector General de Justicia, y titular de la IGJ, el organismo que depende del Ministerio de Justicia y controla a las sociedades comerciales nos explic\u00f3 porqu\u00e9 orden\u00f3 suspender las elecciones de la AFA.<\/p>\n\n\n\n<p>El organismo de justicia, no solo suspendi\u00f3 las elecciones a presidente que estaban previstas para el pr\u00f3ximo 30 de junio, tambi\u00e9n design\u00f3 por 90 d\u00edas, prorrogables por 90 m\u00e1s, a dos veedores adem\u00e1s de los que estaban fijados por la jueza Federal Mar\u00eda Romilda Servini de Cubr\u00eda por&nbsp;la causa \u0093Futbol Para Todos\u0094.<\/p>\n\n\n\n<figure class=\"wp-block-embed is-type-rich is-provider-gestor-del-servicio wp-block-embed-gestor-del-servicio wp-embed-aspect-16-9 wp-has-aspect-ratio\"><div class=\"wp-block-embed__wrapper\">\n<iframe loading=\"lazy\" title=\"La IGJ pus\u00f3 dos veedores en la AFA Parte I   Defiendase com\" width=\"640\" height=\"360\" src=\"https:\/\/www.youtube.com\/embed\/9-hqwlGEipI?feature=oembed\" frameborder=\"0\" allow=\"accelerometer; autoplay; clipboard-write; encrypted-media; gyroscope; picture-in-picture; web-share\" allowfullscreen><\/iframe>\n<\/div><\/figure>\n\n\n\n<p>\u00abLa jueza Servini de Cubr\u00eda nos pidi\u00f3 intervenir en la medida&nbsp;que nosotros loconsideremos pertinente, debido a la&nbsp;<strong>situaci\u00f3n precaria institucional<\/strong>&nbsp;que atraviesa la AFA y la&nbsp;<strong>situaci\u00f3n econ\u00f3mica financiera en el cual est\u00e1n comprometidos fondos p\u00fablicos<\/strong>\u0094, explic\u00f3 Brodsky y agreg\u00f3 que la IGJ es el organismo competente para fiscalizar permanentemente las organizaciones civiles.&nbsp;<\/p>\n\n\n\n<p>Alicia L\u00f3pez, veedora designada por Servini de Cubr\u00eda, se opuso a la intervenci\u00f3n de la IGJ. Dijo que s\u00f3lo el ministro de Justicia Germ\u00e1n Garavano puede nombrar veedores.&nbsp;<strong>\u00bfQu\u00e9 hay de cierto en esto?<\/strong><\/p>\n\n\n\n<p>\u0093Me comentaron lo que dijo y&nbsp;<strong>est\u00e1 errada<\/strong>&nbsp;en lo que dice porque nosotros tenemos facultades para hacer lo que hicimos. Las facultades que tiene el ministro y no nosotros es para designar un interventor. Esto no lo es.\u0094<\/p>\n\n\n\n<p>Adem\u00e1s, el Inspector General dijo que le pedir\u00e1n a la jueza los informes de sus veedores para tomar conocimiento y as\u00ed incorporarlos a los informes que van a hacer los nuevos veedores de la IGJ, \u0093que tambi\u00e9n van a ver toda la situaci\u00f3n econ\u00f3mica, financiera, institucional y los manejos de los fondos de la instituci\u00f3n\u0094.<\/p>\n\n\n\n<figure class=\"wp-block-embed is-type-rich is-provider-gestor-del-servicio wp-block-embed-gestor-del-servicio wp-embed-aspect-16-9 wp-has-aspect-ratio\"><div class=\"wp-block-embed__wrapper\">\n<iframe loading=\"lazy\" title=\"La IGJ pus\u00f3 dos veedores en la AFA Parte II   Defiendase com\" width=\"640\" height=\"360\" src=\"https:\/\/www.youtube.com\/embed\/Uany_S8DyZI?feature=oembed\" frameborder=\"0\" allow=\"accelerometer; autoplay; clipboard-write; encrypted-media; gyroscope; picture-in-picture; web-share\" allowfullscreen><\/iframe>\n<\/div><\/figure>\n\n\n\n<p>\u0093Nos vimos en la necesidad de designar dos veedores en la AFA porque es una instituci\u00f3n civil que tiene una proyecci\u00f3n p\u00fablica por el f\u00fatbol, pero tambi\u00e9n manejan fondos p\u00fablicos de toda la gente, buscamos resguardar estos fondos y debido a la precaria situaci\u00f3n buscamos encausar a la AFA en el camino de la normalidad y transparencia que no nunca debi\u00f3 salirse\u0094.<\/p>\n\n\n\n<p><strong>\u00bfC\u00f3mo se&nbsp;encamina de vuelta a la AFA?<\/strong><\/p>\n\n\n\n<p>\u00abEs responsabilidad de los asociados y de los dirigentes de la asociaci\u00f3n. Nosotros en la Inspecci\u00f3n General de Justicia aspiramos a que toda entidad civil pueda resolver por si misma los problemas que van teniendo sin necesidad de la IGJ tenga que intervenir. En este caso actuamos as\u00ed porque vemos que los que forman parte de la Asamblea Directiva no se est\u00e1n pudiendo poner de acuerdo\u0094&nbsp;<\/p>\n\n\n\n<p><strong>La situaci\u00f3n de Luis Segura<\/strong><\/p>\n\n\n\n<p>El actual presidente de la AFA, Luis Segura hab\u00eda anunciado que no ten\u00eda idea alguna de renunciar. Acto seguido&nbsp;<strong>Defiendase<\/strong>&nbsp;le pregunt\u00f3 a Brodsky si estuvo alguna vez en juego la continuidad del sucesor de Grondona por la decisi\u00f3n de la IGJ.<\/p>\n\n\n\n<p>\u0093Como no es una intervenci\u00f3n no se va a desplazar a ninguna de las autoridades actuales. Siguen estando con sus cargos con sus competencias, y el se\u00f1or Segura seguir\u00e1 siendo el presidente hasta que se llame a elecciones de nuevo y se elija nuevo presidente\u0094, finaliz\u00f3.<\/p>\n","protected":false},"excerpt":{"rendered":"<p>El Inspector General de Justicia habl\u00f3 con Defi\u00e9ndase de la delicada situaci\u00f3n de la Asociaci\u00f3n<\/p>\n","protected":false},"author":4,"featured_media":2562,"comment_status":"open","ping_status":"open","sticky":false,"template":"","format":"standard","meta":{"om_disable_all_campaigns":false,"_monsterinsights_skip_tracking":false,"_monsterinsights_sitenote_active":false,"_monsterinsights_sitenote_note":"","_monsterinsights_sitenote_category":0},"categories":[16],"tags":[],"aioseo_notices":[],"jetpack_featured_media_url":"https:\/\/defiendase.com\/wp-content\/uploads\/2023\/02\/afa.gif","post_mailing_queue_ids":[],"_links":{"self":[{"href":"https:\/\/defiendase.com\/index.php\/wp-json\/wp\/v2\/posts\/2559"}],"collection":[{"href":"https:\/\/defiendase.com\/index.php\/wp-json\/wp\/v2\/posts"}],"about":[{"href":"https:\/\/defiendase.com\/index.php\/wp-json\/wp\/v2\/types\/post"}],"author":[{"embeddable":true,"href":"https:\/\/defiendase.com\/index.php\/wp-json\/wp\/v2\/users\/4"}],"replies":[{"embeddable":true,"href":"https:\/\/defiendase.com\/index.php\/wp-json\/wp\/v2\/comments?post=2559"}],"version-history":[{"count":1,"href":"https:\/\/defiendase.com\/index.php\/wp-json\/wp\/v2\/posts\/2559\/revisions"}],"predecessor-version":[{"id":2563,"href":"https:\/\/defiendase.com\/index.php\/wp-json\/wp\/v2\/posts\/2559\/revisions\/2563"}],"wp:featuredmedia":[{"embeddable":true,"href":"https:\/\/defiendase.com\/index.php\/wp-json\/wp\/v2\/media\/2562"}],"wp:attachment":[{"href":"https:\/\/defiendase.com\/index.php\/wp-json\/wp\/v2\/media?parent=2559"}],"wp:term":[{"taxonomy":"category","embeddable":true,"href":"https:\/\/defiendase.com\/index.php\/wp-json\/wp\/v2\/categories?post=2559"},{"taxonomy":"post_tag","embeddable":true,"href":"https:\/\/defiendase.com\/index.php\/wp-json\/wp\/v2\/tags?post=2559"}],"curies":[{"name":"wp","href":"https:\/\/api.w.org\/{rel}","templated":true}]}}