{"id":2548,"date":"2016-05-24T17:33:00","date_gmt":"2016-05-24T17:33:00","guid":{"rendered":"http:\/\/defiendase.impulsatuidea.com\/?p=2548"},"modified":"2023-02-10T17:34:52","modified_gmt":"2023-02-10T17:34:52","slug":"juicios-por-jurado-funcionan","status":"publish","type":"post","link":"https:\/\/defiendase.com\/index.php\/juicios-por-jurado-funcionan\/","title":{"rendered":"Juicios por jurado: \u00bffuncionan?"},"content":{"rendered":"\n<h3>A un a\u00f1o de haberse implementado el sistema de juicios populares en la provincia de Buenos Aires, y con casi 70 procesos realizados, se afianza la tendencia en la cual el dictamen del jurado coincide con el que hubiera hecho el juez. \u00bfSirvi\u00f3 este nuevo modo de hacer justicia?<\/h3>\n\n\n\n<p>Guillermo Barros fue acusado de haber asesinado a su ex cu\u00f1ado en 2014. En marzo del a\u00f1o pasado, ante el Tribunal Criminal N\u00b0 5 de San Mart\u00edn, 12 personas lo absolvieron en el marco del primer juicio por jurado de la provincia de Buenos Aires.&nbsp;<\/p>\n\n\n\n<p>Defi\u00e9ndase entrevisto al Dr. Andres Harfuch, vicepresidente de la Asociaci\u00f3n Argentina de Juicios por Jurado, quien nos mostr\u00f3 el escenario un a\u00f1o despu\u00e9s.<\/p>\n\n\n\n<figure class=\"wp-block-embed is-type-rich is-provider-gestor-del-servicio wp-block-embed-gestor-del-servicio wp-embed-aspect-16-9 wp-has-aspect-ratio\"><div class=\"wp-block-embed__wrapper\">\n<iframe loading=\"lazy\" title=\"Juicios Por Jurado Parte 1 - Defiendase com\" width=\"640\" height=\"360\" src=\"https:\/\/www.youtube.com\/embed\/Q6ynC-yDtE4?feature=oembed\" frameborder=\"0\" allow=\"accelerometer; autoplay; clipboard-write; encrypted-media; gyroscope; picture-in-picture; web-share\" allowfullscreen><\/iframe>\n<\/div><\/figure>\n\n\n\n<p>\u00abEl balance es sumamente positivo porque esper\u00e1bamos mayores resistencias frente al desconocimiento de lo que era un juicio con doce ciudadanos, que solo lo ve\u00edamos en las pel\u00edculas\u00bb, cont\u00f3. Al d\u00eda de hoy, en la provincia hay casi 70 juicios realizados. Para el resto del a\u00f1o hay 150 programados.<\/p>\n\n\n\n<p>La Constituci\u00f3n Nacional tres veces ordena que los juicios sean con jurado. Si bien todav\u00eda no se dict\u00f3 una ley nacional, las provincias fueron avanzando lentamente. \u00abC\u00f3rdoba hace diez a\u00f1os arranc\u00f3 con una modalidad distinta. En 2011 Neuqu\u00e9n saca su primera ley. En 2013, Buenos Aires. En 2014, Rio Negro, el a\u00f1o pasado Chaco y este a\u00f1o es muy posible que tengamos jurado en Santa Fe, Chubut y en La Rioja\u00bb, detall\u00f3 Harfuch.<\/p>\n\n\n\n<p>\u00abHay un movimiento importante hacia cumplir con la Constituci\u00f3n, que indica algo muy claro, democracia tiene que haber en los tres poderes. En el Ejecutivo y en el Legislativo la ciudadan\u00eda va y vota. En el Judicial, como los jueces no se pueden elegir, el ciudadano participa directamente como jurado. Esto es la concreci\u00f3n del ideal democr\u00e1tico\u00bb.&nbsp;<\/p>\n\n\n\n<p>Para Harfuch, fue la ciudadan\u00eda qui\u00e9n acepto de mejor forma este sistema. \u00abUno pod\u00eda pensar que no iba a ir nadie porque la gente deb\u00eda faltar al trabajo. Nada de eso pas\u00f3, por lo general son los jurados los que llegan m\u00e1s temprano que el juez, que las partes y que los fiscales. Y los suplentes se quedan un poco molestos porque tienen que ir y no pueden participar de la decisi\u00f3n\u00bb.&nbsp;<\/p>\n\n\n\n<p>\u00abTambi\u00e9n se ha visto como los jueces y los fiscales han perdido el miedo, y varios de ellos han cambiado su opini\u00f3n. Desde nuestro punto de vista, hasta ahora ha sido una experiencia m\u00e1s que positiva. Incluso ha habido tambi\u00e9n un apoyo importante de la Corte Suprema\u00bb, expres\u00f3 el abogado.<\/p>\n\n\n\n<p><strong>Un n\u00famero llamativo<\/strong><\/p>\n\n\n\n<p>Un estudio norteamericano demuestra que el 97 por ciento de las veces, lo mismo que resuelve un jurado popular lo habr\u00eda resuelto tambi\u00e9n el juez.&nbsp;<\/p>\n\n\n\n<p>Esta investigaci\u00f3n se realiz\u00f3 durante los \u00faltimos 50 a\u00f1os en los Estados Unidos. Los encuestadores le preguntaban al juez c\u00f3mo hubiera fallado cuando el jurado se retiraba para deliberar el veredicto. \u00abEse porcentaje nos muestra que la desconfianza que le podemos llegar a tener a los ciudadanos acerca de que tomen decisiones delirantes no existe\u00bb, se\u00f1al\u00f3 Harfuch.<\/p>\n\n\n\n<p>\u00abEn Provincia de Buenos Aires siempre estamos haciendo esa encuesta y siempre coincide, inclusive cuando los jurados condenan por un delito menor del que acus\u00f3 el fiscal, y hasta los propios jueces dicen que hubiesen hecho lo mismo\u00bb.<\/p>\n\n\n\n<figure class=\"wp-block-embed is-type-rich is-provider-gestor-del-servicio wp-block-embed-gestor-del-servicio wp-embed-aspect-16-9 wp-has-aspect-ratio\"><div class=\"wp-block-embed__wrapper\">\n<iframe loading=\"lazy\" title=\"Juicios Por Jurado Parte 2 - Defiendase com\" width=\"640\" height=\"360\" src=\"https:\/\/www.youtube.com\/embed\/j5cuzUaMq1w?feature=oembed\" frameborder=\"0\" allow=\"accelerometer; autoplay; clipboard-write; encrypted-media; gyroscope; picture-in-picture; web-share\" allowfullscreen><\/iframe>\n<\/div><\/figure>\n\n\n\n<p>Hace d\u00edas, el gobernador de Santa Fe, Miguel Lifschitz anunci\u00f3 que impulsar\u00e1 una reforma de la Constituci\u00f3n provincial en la que tambi\u00e9n buscar\u00e1 que se implemente el juicio por jurado para delitos de extrema gravedad.<\/p>\n\n\n\n<p>\u00abEse es un avance muy fuerte porque Santa Fe es la tercer provincia argentina. Es una provincia muy grande, con mucha tradici\u00f3n y fue la \u00faltima que se sum\u00f3 a lo que fue la reforma en s\u00ed de la justicia\u00bb.&nbsp;<\/p>\n\n\n\n<p>Harfuch agrega que Argentina, c\u00f3mo parte de la herencia hisp\u00e1nica tiene un sistema judicial muy deficitario, y mayormente escrito. \u00abCualquier persona que lo vea, va a saber que ir a un juzgado en Argentina es sin\u00f3nimo de toneladas de papeles y expedientes, y eso est\u00e1 mal. En cambio, uno va a un juzgado en Inglaterra o en Escocia y lo \u00fanico que va a ver son salas de juicio y de audiencias en donde los asuntos se ventilan p\u00fablicamente ante jurado\u00bb.&nbsp;<\/p>\n\n\n\n<p>Argentina inici\u00f3, junto con todo el resto de Am\u00e9rica Latina y Europa, un cambio para tratar de salir del escriturismo e ir hacia una justicia m\u00e1s transparente, oral y publica, y el jurado es como un garante de todo eso.<\/p>\n\n\n\n<p><strong>\u00bfHay algo que se podr\u00eda mejorar de los juicios por jurado?<\/strong><\/p>\n\n\n\n<p>\u00abSi tuvi\u00e9semos que mejorar algunas cosas, creo que no tendr\u00eda que ver tanto con los jurados en s\u00ed, sino con el desempe\u00f1o de los profesionales, es decir, con el rol de los abogados y con la cuesti\u00f3n organizativa\u00bb, respondi\u00f3.<\/p>\n\n\n\n<p>\u00abYo ser\u00eda m\u00e1s partidario de tener algunos delitos m\u00e1s dentro del sistema de jurado, que no son tan numerosos pero que cause un alt\u00edsimo impacto social como pueden ser los homicidios muy graves, imprudentes y culposos en el tr\u00e1fico, pero en general, yo creo que la experiencia est\u00e1 siendo buena y hay que dejar pasar dos o tres a\u00f1os m\u00e1s antes de hacer un balance y ah\u00ed si ver si hay que hacer alg\u00fan ajuste. Hasta ahora, hemos visto que no\u00bb.<\/p>\n\n\n\n<p><strong>\u00bfQui\u00e9nes pueden ser llamados para ser jurado?<\/strong><\/p>\n\n\n\n<p>Cualquier ciudadano com\u00fan que viva en la provincia de Buenos Aires, que tenga entre 21 y 75 a\u00f1os. No debe desempe\u00f1arse como abogado ni trabajar en el Poder Ejecutivo, Legislativo o Judicial.<\/p>\n\n\n\n<p>El Dr. Harfuch agrega tambi\u00e9n que tampoco pueden ser parte del jurado aquellos que pertenezcan a las fuerzas de seguridad o sean ministros de alg\u00fan culto religioso reconocido.&nbsp;<\/p>\n\n\n\n<p>El pr\u00f3ximo octubre se realizar\u00e1 un sorteo entre 12 mil y 13 mil ciudadanos para el a\u00f1o 2017. \u00abSe hace una depuraci\u00f3n, pero todos esos ciudadanos reciben una cedula dici\u00e9ndoles que en cualquier momento del a\u00f1o que viene pueden ser llamados para ser jurado\u00bb, finalizo el vicepresidente de la Asociaci\u00f3n Argentina de Juicios por Jurado.&nbsp;<\/p>\n","protected":false},"excerpt":{"rendered":"<p>A un a\u00f1o de haberse implementado el sistema de juicios populares en la provincia de<\/p>\n","protected":false},"author":4,"featured_media":2549,"comment_status":"open","ping_status":"open","sticky":false,"template":"","format":"standard","meta":{"om_disable_all_campaigns":false,"_monsterinsights_skip_tracking":false,"_monsterinsights_sitenote_active":false,"_monsterinsights_sitenote_note":"","_monsterinsights_sitenote_category":0},"categories":[16],"tags":[],"aioseo_notices":[],"jetpack_featured_media_url":"https:\/\/defiendase.com\/wp-content\/uploads\/2023\/02\/Juiciosporjurado.gif","post_mailing_queue_ids":[],"_links":{"self":[{"href":"https:\/\/defiendase.com\/index.php\/wp-json\/wp\/v2\/posts\/2548"}],"collection":[{"href":"https:\/\/defiendase.com\/index.php\/wp-json\/wp\/v2\/posts"}],"about":[{"href":"https:\/\/defiendase.com\/index.php\/wp-json\/wp\/v2\/types\/post"}],"author":[{"embeddable":true,"href":"https:\/\/defiendase.com\/index.php\/wp-json\/wp\/v2\/users\/4"}],"replies":[{"embeddable":true,"href":"https:\/\/defiendase.com\/index.php\/wp-json\/wp\/v2\/comments?post=2548"}],"version-history":[{"count":1,"href":"https:\/\/defiendase.com\/index.php\/wp-json\/wp\/v2\/posts\/2548\/revisions"}],"predecessor-version":[{"id":2552,"href":"https:\/\/defiendase.com\/index.php\/wp-json\/wp\/v2\/posts\/2548\/revisions\/2552"}],"wp:featuredmedia":[{"embeddable":true,"href":"https:\/\/defiendase.com\/index.php\/wp-json\/wp\/v2\/media\/2549"}],"wp:attachment":[{"href":"https:\/\/defiendase.com\/index.php\/wp-json\/wp\/v2\/media?parent=2548"}],"wp:term":[{"taxonomy":"category","embeddable":true,"href":"https:\/\/defiendase.com\/index.php\/wp-json\/wp\/v2\/categories?post=2548"},{"taxonomy":"post_tag","embeddable":true,"href":"https:\/\/defiendase.com\/index.php\/wp-json\/wp\/v2\/tags?post=2548"}],"curies":[{"name":"wp","href":"https:\/\/api.w.org\/{rel}","templated":true}]}}