{"id":2543,"date":"2016-05-09T17:32:00","date_gmt":"2016-05-09T17:32:00","guid":{"rendered":"http:\/\/defiendase.impulsatuidea.com\/?p=2543"},"modified":"2023-02-10T17:33:41","modified_gmt":"2023-02-10T17:33:41","slug":"el-nino-desamparado","status":"publish","type":"post","link":"https:\/\/defiendase.com\/index.php\/el-nino-desamparado\/","title":{"rendered":"El ni\u00f1o des\u00bbamparado\u00bb"},"content":{"rendered":"\n<h3>6Un programa estatal de salud incumpl\u00eda con el tratamiento que necesitaba el integrante m\u00e1s peque\u00f1o de la familia Rosas. Los padres del menor presentaron un amparo, pero todo sigue igual&#8230;<\/h3>\n\n\n\n<p>Joaqu\u00edn tiene nueve a\u00f1os y es autista. Hace cuatro a\u00f1os sus pap\u00e1s Alejandro y Fernanda solicitaron un amparo en la justicia para que el&nbsp;<em>Programa Federal Incluir Salud<\/em>&nbsp;(Ex&nbsp;PROFE) le proporcione a Joaqu\u00edn el tratamiento domiciliario que necesita.<\/p>\n\n\n\n<figure class=\"wp-block-embed is-type-rich is-provider-gestor-del-servicio wp-block-embed-gestor-del-servicio wp-embed-aspect-16-9 wp-has-aspect-ratio\"><div class=\"wp-block-embed__wrapper\">\n<iframe loading=\"lazy\" title=\"Otra negligencia intensiva I - Defiendase com\" width=\"640\" height=\"360\" src=\"https:\/\/www.youtube.com\/embed\/NmGRKLPTu0Y?feature=oembed\" frameborder=\"0\" allow=\"accelerometer; autoplay; clipboard-write; encrypted-media; gyroscope; picture-in-picture; web-share\" allowfullscreen><\/iframe>\n<\/div><\/figure>\n\n\n\n<p>En agosto del 2013, el juzgado Civil y Comercial n\u00famero 1 de la localidad de San Mart\u00edn le da la cautelar a los padres del menor, ordenando al programa estatal PROFE que suministre \u00ab<strong><em>con car\u00e1cter urgente en el t\u00e9rmino de 24 horas\u00bb<\/em><\/strong>&nbsp;no s\u00f3lo el tratamiento en el hogar, sino tambi\u00e9n los medicamentos, el transporte necesario para ir a las interconsultas y a las terapias, un tratamiento educativo de modificaci\u00f3n de conducta, un acompa\u00f1ante terap\u00e9utico y ayuda psicol\u00f3gica para la familia.&nbsp;<strong>Pero este programa de salud&nbsp;hizo o\u00eddos sordos.&nbsp;<\/strong><\/p>\n\n\n\n<p>La mam\u00e1 nos cont\u00f3 que decidieron ir a la justicia porque pasaron por muchas situaciones irregulares, una de las peores eran los tratamientos intermitentes que empezaban y al mes se suspend\u00edan falta de pago.&nbsp;<\/p>\n\n\n\n<p>El papa de Joaqu\u00edn asegur\u00f3 que siguen esperando el tratamiento y los medicamentos, y agreg\u00f3: \u00abel programa de salud nos ofrec\u00eda migajas de pan para nuestro hijo y el defensor de menores de San Mart\u00edn nos dec\u00eda que las agarremos\u00bb.<\/p>\n\n\n\n<p>La abogada Sandra G\u00f3mez, especialista en discapacidad se\u00f1al\u00f3 que \u00abPROFE es el programa Federal de Salud, que desde el a\u00f1o 2011 se llama Incluir Salud. El programa le otorga salud a las personas que tienen derecho a las pensiones no contributivas, personas con discapacidad, adultos mayores y a madres que tengan m\u00e1s de siete hijos, pero no es una obra social\u00bb.<\/p>\n\n\n\n<figure class=\"wp-block-embed is-type-rich is-provider-gestor-del-servicio wp-block-embed-gestor-del-servicio wp-embed-aspect-4-3 wp-has-aspect-ratio\"><div class=\"wp-block-embed__wrapper\">\n<iframe loading=\"lazy\" title=\"Otra negligencia intensiva II - Defiendase com\" width=\"640\" height=\"480\" src=\"https:\/\/www.youtube.com\/embed\/JJDIwMYqqRo?feature=oembed\" frameborder=\"0\" allow=\"accelerometer; autoplay; clipboard-write; encrypted-media; gyroscope; picture-in-picture; web-share\" allowfullscreen><\/iframe>\n<\/div><\/figure>\n\n\n\n<p>Defi\u00e9ndase tambi\u00e9n entrevisto a la doctora Mar\u00eda Cristina Cortesi, abogada especialista en derecho m\u00e9dico y farmac\u00e9utico para saber qu\u00e9 pueden hacer Alejandro y Fernanda. \u00abCuando una demanda judicial no se cumple, el abogado que inici\u00f3 el amparo debe pedir en el juzgado sancionar a la otra parte. Las m\u00e1s conocidas son las&nbsp;<strong>astreintes<\/strong>, que es una multa diaria por cada d\u00eda de incumplimiento\u00bb, explic\u00f3.&nbsp;<\/p>\n\n\n\n<p>Mientras tanto Joaqu\u00edn la sigue peleando todos los d\u00edas. Contra el mal que lo aqueja, s\u00ed, pero tambi\u00e9n con la desidia y la falta de humanidad de un programa de salud que a simple vista no parece estar funcionando.&nbsp;<\/p>\n","protected":false},"excerpt":{"rendered":"<p>6Un programa estatal de salud incumpl\u00eda con el tratamiento que necesitaba el integrante m\u00e1s peque\u00f1o<\/p>\n","protected":false},"author":4,"featured_media":2546,"comment_status":"open","ping_status":"open","sticky":false,"template":"","format":"standard","meta":{"om_disable_all_campaigns":false,"_monsterinsights_skip_tracking":false,"_monsterinsights_sitenote_active":false,"_monsterinsights_sitenote_note":"","_monsterinsights_sitenote_category":0},"categories":[16],"tags":[],"aioseo_notices":[],"jetpack_featured_media_url":"https:\/\/defiendase.com\/wp-content\/uploads\/2023\/02\/desamparado-1.gif","post_mailing_queue_ids":[],"_links":{"self":[{"href":"https:\/\/defiendase.com\/index.php\/wp-json\/wp\/v2\/posts\/2543"}],"collection":[{"href":"https:\/\/defiendase.com\/index.php\/wp-json\/wp\/v2\/posts"}],"about":[{"href":"https:\/\/defiendase.com\/index.php\/wp-json\/wp\/v2\/types\/post"}],"author":[{"embeddable":true,"href":"https:\/\/defiendase.com\/index.php\/wp-json\/wp\/v2\/users\/4"}],"replies":[{"embeddable":true,"href":"https:\/\/defiendase.com\/index.php\/wp-json\/wp\/v2\/comments?post=2543"}],"version-history":[{"count":1,"href":"https:\/\/defiendase.com\/index.php\/wp-json\/wp\/v2\/posts\/2543\/revisions"}],"predecessor-version":[{"id":2547,"href":"https:\/\/defiendase.com\/index.php\/wp-json\/wp\/v2\/posts\/2543\/revisions\/2547"}],"wp:featuredmedia":[{"embeddable":true,"href":"https:\/\/defiendase.com\/index.php\/wp-json\/wp\/v2\/media\/2546"}],"wp:attachment":[{"href":"https:\/\/defiendase.com\/index.php\/wp-json\/wp\/v2\/media?parent=2543"}],"wp:term":[{"taxonomy":"category","embeddable":true,"href":"https:\/\/defiendase.com\/index.php\/wp-json\/wp\/v2\/categories?post=2543"},{"taxonomy":"post_tag","embeddable":true,"href":"https:\/\/defiendase.com\/index.php\/wp-json\/wp\/v2\/tags?post=2543"}],"curies":[{"name":"wp","href":"https:\/\/api.w.org\/{rel}","templated":true}]}}