{"id":2536,"date":"2015-11-11T17:29:00","date_gmt":"2015-11-11T17:29:00","guid":{"rendered":"http:\/\/defiendase.impulsatuidea.com\/?p=2536"},"modified":"2023-02-10T17:30:24","modified_gmt":"2023-02-10T17:30:24","slug":"el-nuevo-codigo-penal-suspendido","status":"publish","type":"post","link":"https:\/\/defiendase.com\/index.php\/el-nuevo-codigo-penal-suspendido\/","title":{"rendered":"El nuevo C\u00f3digo Penal, suspendido"},"content":{"rendered":"\n<h3>Germ\u00e1n Garavano, Ministro de Justicia de la Naci\u00f3n, suspendi\u00f3 la entrada en vigencia del nuevo C\u00f3digo Procesal Penal.<\/h3>\n\n\n\n<p>En el brindis de fin de a\u00f1o con la prensa el Ministro de Justicia afirm\u00f3 que ?en estos d\u00edas saldr\u00e1 un Decreto de Necesidad y Urgencia en el que se traspasan las escuchas judiciales a la Corte?. Con esta decisi\u00f3n le sacan a la Procuradur\u00eda General, a cargo de Alejandra Gils Carb\u00f3 el sistema de Observaci\u00f3n Judicial.<\/p>\n\n\n\n<p>La raz\u00f3n que dio Garavano es porque no tiene l\u00f3gica que los fiscales manejen las intervenciones siendo una de las partes de los procesos judiciales. Quienes deben controlarlas son los jueces \u00abque son los \u00fanicos que pueden autorizar una invasi\u00f3n de la privacidad \u00bb&nbsp;sentenci\u00f3.<\/p>\n\n\n\n<p>Ricardo Lorenzetti, presidente de la Corte Suprema de Justicia ya fue informado de esta decisi\u00f3n. Adem\u00e1s sostuvo que el m\u00e1ximo tribunal de justicia y el Consejo de la Magistratura son dos actores relevantes para la reforma que buscan lograr y ayudar\u00e1n a que \u00abel cambio ocurra progresivamente y no de golpe \u00ab.&nbsp;<\/p>\n\n\n\n<p><strong><em>Se suspender\u00e1&nbsp;la aplicaci\u00f3n del C\u00f3digo Procesal Penal<\/em><\/strong><\/p>\n\n\n\n<figure class=\"wp-block-image\"><img src=\"https:\/\/www.defiendase.com\/media\/file\/LORENZETTI.gif\" alt=\"\"\/><\/figure>\n\n\n\n<p>Garavano tambi\u00e9n ratific\u00f3 que el primero de marzo no entrara en vigencia el nuevo C\u00f3digo Penal \u00abporque este c\u00f3digo pena delitos de baja intensidad como un hurto o un robo\u00bb&nbsp;y agreg\u00f3 que no \u00abest\u00e1 pensado para los delitos federales como el contrabando, narcotr\u00e1fico o trata de personas\u00bb.&nbsp;<\/p>\n\n\n\n<p>\u00abVamos a prorrogar la entrada en vigencia del C\u00f3digo Procesal, para coordinar con la Comisi\u00f3n Bicameral su puesta en marcha y diagramar en varios a\u00f1os su implementaci\u00f3n\u00bb, adelant\u00f3 y afirm\u00f3 que buscan ajustar \u00abalgunas cosas que eviten gastos y contrataciones innecesarias\u00bb.<\/p>\n\n\n\n<p>El funcionario del gobierno nacional volvi\u00f3 a sostener que el anterior gobierno apur\u00f3 la reforma procesal penal por razones pol\u00edticas, totalmente ajenas a la mejorara del sistema.<\/p>\n\n\n\n<p>Para Garavano estos dos decretos se tratan de \u00abcuestiones de emergencia\u00bb pero aclar\u00f3 que en el futuro se impulsar\u00e1n proyectos de leyes para llevar adelante las reformas judiciales.<\/p>\n\n\n\n<p><strong><em>\u00abDar un paso al costado es una decisi\u00f3n de Gils Carb\u00f3\u00bb<\/em><\/strong><\/p>\n\n\n\n<figure class=\"wp-block-image\"><img src=\"https:\/\/www.defiendase.com\/media\/file\/GILS-CARBO.gif\" alt=\"\"\/><\/figure>\n\n\n\n<p>Garavano afirm\u00f3 que en su reuni\u00f3n con la Procuradora General acordaron una nueva reuni\u00f3n para el mes de enero y sentenci\u00f3 que \u00abdar o no un paso al costado es una decisi\u00f3n de ella\u00bb.<\/p>\n\n\n\n<p>Tambi\u00e9n dijo que desde el ministerio esperan la renuncia de los jueces, fiscales y procuradores que tuvieron un \u00abprotagonismo excesivo para que gente joven e independiente se sume para darle un buen servicio a los argentinos\u00bb.<\/p>\n\n\n\n<p><strong><em>\u00abLo que importa es que el sistema funcione bien\u00bb<\/em><\/strong><\/p>\n\n\n\n<figure class=\"wp-block-image\"><img src=\"https:\/\/www.defiendase.com\/media\/file\/GARAVANO-3.gif\" alt=\"\"\/><\/figure>\n\n\n\n<p>Cuando se le pregunt\u00f3 a Garavano sobre su gesti\u00f3n, asegur\u00f3 que ir\u00e1n reparando las cosas que el sistema no resiste. \u00abA partir de ah\u00ed iremos generando cambios que sean sustentables\u00bb&nbsp;y se\u00f1al\u00f3 que \u00abno importa si la procuradora general es Alejandra Gils Carb\u00f3, si la titular de la Defensor\u00eda General es Stella Maris Martinez o el Ministro es Garavano, lo que importa es que el sistema funcione bien\u00bb.&nbsp;<\/p>\n\n\n\n<p>Confirm\u00f3 que ese su equipo est\u00e1 comenzando a tener conversaciones con los distintos bloques de las c\u00e1maras de diputados y senadores para \u00abconstruir fuertes consensos valorando aquellas cosas positivas que se hicieron estos a\u00f1os\u00bb.&nbsp;<\/p>\n\n\n\n<p>Acompa\u00f1ado por Martin Casares, subsecretario de pol\u00edtica criminal y Mauricio Devoto, nuevo Secretario de Planificaci\u00f3n Estrat\u00e9gica, Garavano detall\u00f3 c\u00f3mo en la Argentina \u00absiempre se hicieron parches por decisiones pol\u00edticas en la justicia\u00bb&nbsp;mientras que su plan es generar \u00abuna transformaci\u00f3n del sistema hacia el futuro y que permita que la gente sienta que la justicia es confiable, que est\u00e1 cerca y que pueda resolver los problemas cotidianos\u00bb.&nbsp;<\/p>\n\n\n\n<p>\u00abDebemos pensar cu\u00e1l es el sistema de justicia ideal y cu\u00e1l es el que queremos dentro de cinco o diez a\u00f1os y tratar de ir en esa direcci\u00f3n\u00bb, defini\u00f3 y reflexion\u00f3 diciendo que hay que separar a la justicia de las internas, de las peleas y de las cosas de corto plazo.&nbsp;<\/p>\n","protected":false},"excerpt":{"rendered":"<p>Germ\u00e1n Garavano, Ministro de Justicia de la Naci\u00f3n, suspendi\u00f3 la entrada en vigencia del nuevo<\/p>\n","protected":false},"author":4,"featured_media":2537,"comment_status":"open","ping_status":"open","sticky":false,"template":"","format":"standard","meta":{"om_disable_all_campaigns":false,"_monsterinsights_skip_tracking":false,"_monsterinsights_sitenote_active":false,"_monsterinsights_sitenote_note":"","_monsterinsights_sitenote_category":0},"categories":[16],"tags":[],"aioseo_notices":[],"jetpack_featured_media_url":"https:\/\/defiendase.com\/wp-content\/uploads\/2023\/02\/GARAVANO-1.gif","post_mailing_queue_ids":[],"_links":{"self":[{"href":"https:\/\/defiendase.com\/index.php\/wp-json\/wp\/v2\/posts\/2536"}],"collection":[{"href":"https:\/\/defiendase.com\/index.php\/wp-json\/wp\/v2\/posts"}],"about":[{"href":"https:\/\/defiendase.com\/index.php\/wp-json\/wp\/v2\/types\/post"}],"author":[{"embeddable":true,"href":"https:\/\/defiendase.com\/index.php\/wp-json\/wp\/v2\/users\/4"}],"replies":[{"embeddable":true,"href":"https:\/\/defiendase.com\/index.php\/wp-json\/wp\/v2\/comments?post=2536"}],"version-history":[{"count":1,"href":"https:\/\/defiendase.com\/index.php\/wp-json\/wp\/v2\/posts\/2536\/revisions"}],"predecessor-version":[{"id":2538,"href":"https:\/\/defiendase.com\/index.php\/wp-json\/wp\/v2\/posts\/2536\/revisions\/2538"}],"wp:featuredmedia":[{"embeddable":true,"href":"https:\/\/defiendase.com\/index.php\/wp-json\/wp\/v2\/media\/2537"}],"wp:attachment":[{"href":"https:\/\/defiendase.com\/index.php\/wp-json\/wp\/v2\/media?parent=2536"}],"wp:term":[{"taxonomy":"category","embeddable":true,"href":"https:\/\/defiendase.com\/index.php\/wp-json\/wp\/v2\/categories?post=2536"},{"taxonomy":"post_tag","embeddable":true,"href":"https:\/\/defiendase.com\/index.php\/wp-json\/wp\/v2\/tags?post=2536"}],"curies":[{"name":"wp","href":"https:\/\/api.w.org\/{rel}","templated":true}]}}