{"id":2497,"date":"2019-05-29T17:04:00","date_gmt":"2019-05-29T17:04:00","guid":{"rendered":"http:\/\/defiendase.impulsatuidea.com\/?p=2497"},"modified":"2023-02-10T17:07:24","modified_gmt":"2023-02-10T17:07:24","slug":"estas-al-dia-con-tu-dni","status":"publish","type":"post","link":"https:\/\/defiendase.com\/index.php\/estas-al-dia-con-tu-dni\/","title":{"rendered":"\u00bfEst\u00e1s al d\u00eda con tu DNI?"},"content":{"rendered":"\n<h3>En esta nota te contamos lo que ten\u00e9s que saber para tener tu Documento en regla.<\/h3>\n\n\n\n<p>A veces la informaci\u00f3n que creemos conocer no es la correcta. Con el paso del tiempo, los organismos estatales modifican ciertas rutinas y eso nos puede afectar a todos sin darnos cuenta, incluso con el elemento m\u00e1s simple: el DNI.<\/p>\n\n\n\n<p>Tengamos en cuenta que el&nbsp;<strong>Documento Nacional de Identidad se saca por primera vez con el nacimiento de un beb\u00e9<\/strong>&nbsp;y lo tramitan los padres o tutores. Este documento tendr\u00e1 a futuro dos actualizaciones,&nbsp;<strong>en edad escolar&nbsp;<\/strong>(entre los 5 y los 8 a\u00f1os), y a los&nbsp;<strong>14 a\u00f1os<\/strong>.<\/p>\n\n\n\n<p>Cuando el menor esta por ingresar al colegio primario, los padres ya deber\u00edan actualizarle el documento. El nuevo DNI ser\u00e1 en&nbsp;<strong>formato tarjeta y tendr\u00e1 su firma, su foto y huella<\/strong>. Si el ni\u00f1o o la ni\u00f1a&nbsp;<strong>cumpli\u00f3 los 8 a\u00f1os y todav\u00eda no lo tiene<\/strong>&nbsp;renovado, los padres tienen el&nbsp;<strong>plazo de 1 a\u00f1o<\/strong>&nbsp;para hacer el tr\u00e1mite,&nbsp;<strong>antes de que cumpla los 9.<\/strong><\/p>\n\n\n\n<figure class=\"wp-block-image\"><img src=\"https:\/\/www.defiendase.com\/media\/file\/PLACA%20DNI%201.jpg\" alt=\"\"\/><\/figure>\n\n\n\n<p>A los 14 a\u00f1os tambi\u00e9n se debe cambiar el documento. A esta edad, los menores lo pueden tramitar solos si y no hace falta que los acompa\u00f1en los padres. Esta renovaci\u00f3n, tambi\u00e9n en formato tarjeta, les da adem\u00e1s el alta electoral para que oportunamente puedan votar.<\/p>\n\n\n\n<p>En este caso, para solo se necesita el papel original de la Partida de Nacimiento,&nbsp;<strong>NO TE ACEPTAN FOTOCOPIA NI CERTIFICADO DE NACIMIENTO&nbsp;<\/strong>(en ning\u00fan tr\u00e1mite).<\/p>\n\n\n\n<p>En el caso de que hayas adoptado, o si sos adoptado y ten\u00e9s m\u00e1s de 14 a\u00f1os&nbsp;<strong>podes sacar un documento nuevo&nbsp;<\/strong><strong>que registre los datos biogr\u00e1ficos que figuran en el acta de adopci\u00f3n judicial.&nbsp;<\/strong>Hay algo que no cambia, el n\u00famero del documento anterior.<\/p>\n\n\n\n<p>Si sos adoptante, se necesita en primer lugar ir con el menor en cuesti\u00f3n y su documento original, tu DNI, el testimonio original de la sentencia judicial de adopci\u00f3n, la Partida de Nacimiento y la Partida de Nacimiento con la adopci\u00f3n inscripta<\/p>\n\n\n\n<figure class=\"wp-block-image\"><img src=\"https:\/\/www.defiendase.com\/media\/file\/PLACA%20DNI%202.jpg\" alt=\"\"\/><\/figure>\n\n\n\n<p><strong>IDENTIDAD DE G\u00c9NERO: DNI NUEVO<\/strong><\/p>\n\n\n\n<p>Si haces uso de tu derecho al reconocimiento de tu&nbsp;<strong>identidad de g\u00e9nero<\/strong>&nbsp;de acuerdo con la&nbsp;<strong>Ley 26.743,<\/strong>&nbsp;pod\u00e9s solicitar un nuevo DNI con tus datos actualizados, este nuevo ejemplar ser\u00e1 entregado a los&nbsp;15 d\u00edas de realizado el tramite y ser\u00e1 gratuito.&nbsp;<strong>Antes de realizarlo ten\u00e9s que rectificar tu partida de nacimiento en el Registro Civil donde te inscribieron al nacer.<\/strong><\/p>\n\n\n\n<p>Para gestionarlo debes llevar el&nbsp;<strong>DNI que vas a cambiar<\/strong>, el original de tu partida de nacimiento rectificada (con las modificaciones que luego tendr\u00e1 el DNI), con la firma y el sello del oficial p\u00fablico.&nbsp;<strong>Debes recordar tambi\u00e9n ac\u00e1 no aceptan fotocopia ni certificado de nacimiento.<\/strong><\/p>\n\n\n\n<p>Para m\u00e1s respuestas, env\u00edanos tu consulta a&nbsp;<a href=\"http:\/\/defiendase.com\/consultas-de-dni\" target=\"_blank\" rel=\"noreferrer noopener\">http:\/\/defiendase.com\/consultas-de-dni<\/a>&nbsp;o navega en&nbsp;<a href=\"https:\/\/www.argentina.gob.ar\/renaper\" target=\"_blank\" rel=\"noreferrer noopener\">argentina.gob.ar\/renaper<\/a><\/p>\n","protected":false},"excerpt":{"rendered":"<p>En esta nota te contamos lo que ten\u00e9s que saber para tener tu Documento en<\/p>\n","protected":false},"author":4,"featured_media":2498,"comment_status":"open","ping_status":"open","sticky":false,"template":"","format":"standard","meta":{"om_disable_all_campaigns":false,"_monsterinsights_skip_tracking":false,"_monsterinsights_sitenote_active":false,"_monsterinsights_sitenote_note":"","_monsterinsights_sitenote_category":0},"categories":[13],"tags":[],"aioseo_notices":[],"jetpack_featured_media_url":"https:\/\/defiendase.com\/wp-content\/uploads\/2023\/02\/portada-dni.jpg","post_mailing_queue_ids":[],"_links":{"self":[{"href":"https:\/\/defiendase.com\/index.php\/wp-json\/wp\/v2\/posts\/2497"}],"collection":[{"href":"https:\/\/defiendase.com\/index.php\/wp-json\/wp\/v2\/posts"}],"about":[{"href":"https:\/\/defiendase.com\/index.php\/wp-json\/wp\/v2\/types\/post"}],"author":[{"embeddable":true,"href":"https:\/\/defiendase.com\/index.php\/wp-json\/wp\/v2\/users\/4"}],"replies":[{"embeddable":true,"href":"https:\/\/defiendase.com\/index.php\/wp-json\/wp\/v2\/comments?post=2497"}],"version-history":[{"count":1,"href":"https:\/\/defiendase.com\/index.php\/wp-json\/wp\/v2\/posts\/2497\/revisions"}],"predecessor-version":[{"id":2499,"href":"https:\/\/defiendase.com\/index.php\/wp-json\/wp\/v2\/posts\/2497\/revisions\/2499"}],"wp:featuredmedia":[{"embeddable":true,"href":"https:\/\/defiendase.com\/index.php\/wp-json\/wp\/v2\/media\/2498"}],"wp:attachment":[{"href":"https:\/\/defiendase.com\/index.php\/wp-json\/wp\/v2\/media?parent=2497"}],"wp:term":[{"taxonomy":"category","embeddable":true,"href":"https:\/\/defiendase.com\/index.php\/wp-json\/wp\/v2\/categories?post=2497"},{"taxonomy":"post_tag","embeddable":true,"href":"https:\/\/defiendase.com\/index.php\/wp-json\/wp\/v2\/tags?post=2497"}],"curies":[{"name":"wp","href":"https:\/\/api.w.org\/{rel}","templated":true}]}}