{"id":2477,"date":"2020-05-08T19:47:00","date_gmt":"2020-05-08T19:47:00","guid":{"rendered":"http:\/\/defiendase.impulsatuidea.com\/?p=2477"},"modified":"2023-02-09T19:48:53","modified_gmt":"2023-02-09T19:48:53","slug":"divorcios-en-tiempo-de-coronavirus","status":"publish","type":"post","link":"https:\/\/defiendase.com\/index.php\/divorcios-en-tiempo-de-coronavirus\/","title":{"rendered":"Divorcios en tiempo de coronavirus"},"content":{"rendered":"\n<h3>Aseguran que las consultas por separaciones aumentaron un 30%. La columna de Juan Pablo Gallego para Defiendase<\/h3>\n\n\n\n<p>Desde el comienzo del aislamiento social obligatorio dispuesto por Decreto 297\/20 y sus sucesivas pr\u00f3rrogas, los abogados hemos visto multiplicadas las consultas por asuntos de Familia, tanto por reg\u00edmenes de comunicaci\u00f3n con hijos menores de edad, como, particularmente, en materia de Divorcios.<\/p>\n\n\n\n<p>Sin duda, esta etapa de aislamiento consolida v\u00ednculos en los casos en que los mismos son genuinos y fuertes. Pero evidentemente desnuda y saca a luz conflictos que se agudizan con la obligada convivencia en el marco del aislamiento social obligatorio.<\/p>\n\n\n\n<figure class=\"wp-block-image\"><img src=\"https:\/\/www.defiendase.com\/media\/file\/z\/placa.png\" alt=\"\"\/><\/figure>\n\n\n\n<p>En las \u00faltimas semanas, la Corte Suprema de Justicia de la Naci\u00f3n dict\u00f3 la Acordada 12\/2020 que autoriza la recepci\u00f3n de demandas de divorcio on line. En estas demandas, con necesario patrocinio letrado, las partes pueden incluir acuerdos sobre bienes y reg\u00edmenes de comunicaci\u00f3n. O bien, pueden promoverse en forma unilateral, obteniendo la disoluci\u00f3n del v\u00ednculo en un plazo no mayor a los sesenta d\u00edas, previa notificaci\u00f3n fehaciente a la contraparte.<\/p>\n\n\n\n<p>En jurisdicciones como la Provincia de Tucum\u00e1n ha comenzado a habilitarse la notificaci\u00f3n por medio incluso de Whatsaap, quedando a cargo del requirente garantizar que la misma sea efectiva y resguarde las garant\u00edas del consorte procesal. El concepto buscado es que la gente no pierda sus derechos, sino que los pueda continuar ejercitando con la abogac\u00eda como garante del Estado de Derecho.<\/p>\n","protected":false},"excerpt":{"rendered":"<p>Aseguran que las consultas por separaciones aumentaron un 30%. La columna de Juan Pablo Gallego<\/p>\n","protected":false},"author":4,"featured_media":2478,"comment_status":"open","ping_status":"open","sticky":false,"template":"","format":"standard","meta":{"om_disable_all_campaigns":false,"_monsterinsights_skip_tracking":false,"_monsterinsights_sitenote_active":false,"_monsterinsights_sitenote_note":"","_monsterinsights_sitenote_category":0},"categories":[251],"tags":[],"aioseo_notices":[],"jetpack_featured_media_url":"https:\/\/defiendase.com\/wp-content\/uploads\/2023\/02\/portada-di-1.jpg","post_mailing_queue_ids":[],"_links":{"self":[{"href":"https:\/\/defiendase.com\/index.php\/wp-json\/wp\/v2\/posts\/2477"}],"collection":[{"href":"https:\/\/defiendase.com\/index.php\/wp-json\/wp\/v2\/posts"}],"about":[{"href":"https:\/\/defiendase.com\/index.php\/wp-json\/wp\/v2\/types\/post"}],"author":[{"embeddable":true,"href":"https:\/\/defiendase.com\/index.php\/wp-json\/wp\/v2\/users\/4"}],"replies":[{"embeddable":true,"href":"https:\/\/defiendase.com\/index.php\/wp-json\/wp\/v2\/comments?post=2477"}],"version-history":[{"count":1,"href":"https:\/\/defiendase.com\/index.php\/wp-json\/wp\/v2\/posts\/2477\/revisions"}],"predecessor-version":[{"id":2479,"href":"https:\/\/defiendase.com\/index.php\/wp-json\/wp\/v2\/posts\/2477\/revisions\/2479"}],"wp:featuredmedia":[{"embeddable":true,"href":"https:\/\/defiendase.com\/index.php\/wp-json\/wp\/v2\/media\/2478"}],"wp:attachment":[{"href":"https:\/\/defiendase.com\/index.php\/wp-json\/wp\/v2\/media?parent=2477"}],"wp:term":[{"taxonomy":"category","embeddable":true,"href":"https:\/\/defiendase.com\/index.php\/wp-json\/wp\/v2\/categories?post=2477"},{"taxonomy":"post_tag","embeddable":true,"href":"https:\/\/defiendase.com\/index.php\/wp-json\/wp\/v2\/tags?post=2477"}],"curies":[{"name":"wp","href":"https:\/\/api.w.org\/{rel}","templated":true}]}}