{"id":2448,"date":"2016-12-24T19:01:00","date_gmt":"2016-12-24T19:01:00","guid":{"rendered":"http:\/\/defiendase.impulsatuidea.com\/?p=2448"},"modified":"2023-02-09T19:03:01","modified_gmt":"2023-02-09T19:03:01","slug":"defensor-del-nino-ya","status":"publish","type":"post","link":"https:\/\/defiendase.com\/index.php\/defensor-del-nino-ya\/","title":{"rendered":"<br>\u00a1Defensor del ni\u00f1o ya!"},"content":{"rendered":"\n<h3>En 2005 crearon una ley para proteger los derechos de los m\u00e1s chicos. El Congreso ten\u00eda 90 d\u00edas para designar a alguien que cuide de ellos, pero todav\u00eda ese lugar permanece vac\u00edo. UNICEF Argentina empez\u00f3 una campa\u00f1a para que esto cambie pronto.<\/h3>\n\n\n\n<p>Hace 11 a\u00f1os se aprob\u00f3 en el Congreso Nacional la Ley 26.061 de Protecci\u00f3n Integral de los Derechos de Ni\u00f1os, Ni\u00f1as y Adolescentes. Esta norma establece a los ni\u00f1os como sujetos de derechos y elimina en la normativa el antiguo sistema de patronato que reg\u00eda en el pa\u00eds.<\/p>\n\n\n\n<p>Carolina Aulicino trabaja en UNICEF de Argentina y nos explic\u00f3 que esta ley establece una serie de derechos muy amplios. El derecho a la seguridad social, del cuidado, a la educaci\u00f3n y a la salud, entre otros. B\u00e1sicamente se podr\u00eda decir que constituye el aterrizaje de la Convenci\u00f3n de los Derechos del Ni\u00f1o, que en Argentina tiene jerarqu\u00eda constitucional, a la normativa local.<\/p>\n\n\n\n<figure class=\"wp-block-embed is-type-rich is-provider-gestor-del-servicio wp-block-embed-gestor-del-servicio wp-embed-aspect-16-9 wp-has-aspect-ratio\"><div class=\"wp-block-embed__wrapper\">\n<iframe loading=\"lazy\" title=\"Defensor del ni\u00f1o ya! - Defiendase com\" width=\"640\" height=\"360\" src=\"https:\/\/www.youtube.com\/embed\/bYSweXoijHs?feature=oembed\" frameborder=\"0\" allow=\"accelerometer; autoplay; clipboard-write; encrypted-media; gyroscope; picture-in-picture; web-share\" allowfullscreen><\/iframe>\n<\/div><\/figure>\n\n\n\n<p>Pero no todo est\u00e1 bien encaminado. La ley establece que debe haber un Defensor del Ni\u00f1o y hace 10 a\u00f1os nadie designa uno.<\/p>\n\n\n\n<p>Aulicino cont\u00f3 a Defi\u00e9ndase que la ley establec\u00eda un plazo de 90 d\u00edas para que el Congreso designe al&nbsp;<strong>Defensor Nacional de los Derechos del Ni\u00f1o, Ni\u00f1a y Adolescente<\/strong>. M\u00e1s de 10 a\u00f1os despu\u00e9s todav\u00eda nadie cumple esa funci\u00f3n.&nbsp;<\/p>\n\n\n\n<p>El mecanismo para designar un Defensor es mediante la conformaci\u00f3n de una Comisi\u00f3n Bicameral de Diputados y Senadores, para que despu\u00e9s el Poder Ejecutivo pueda enviar a sus postulados y el Congreso lo trate. \u0093Este a\u00f1o lo que logramos es que la C\u00e1mara de Diputados haya designado a sus integrantes y ahora resta que el Senado designe su parte para poder avanzar\u0094, defini\u00f3.<\/p>\n\n\n\n<p><strong>\u00bfQu\u00e9 derechos no se est\u00e1n defendiendo por esta demora?<\/strong><\/p>\n\n\n\n<p>El Defensor tiene varias funciones. Por un lado, tiene que promover el ejercicio de los derechos de todos los ni\u00f1os que est\u00e1n establecidos en la ley y asegurar su cumplimiento. Tambi\u00e9n tiene un rol de promoci\u00f3n de los derechos del ni\u00f1o, de acceso a la informaci\u00f3n y de acercar estas cuestiones a la gente.<\/p>\n\n\n\n<p>Otras de las funciones que tiene es la del monitoreo de la situaci\u00f3n de los ni\u00f1os y del presupuesto que es designado para la ni\u00f1ez, y de promover la articulaci\u00f3n entre los distintos poderes del Estado.&nbsp;<\/p>\n\n\n\n<p>Este es un rol clave. Hay provincias que han avanzado en este sentido, la primera ha sido Santa Fe que tiene una defensor\u00eda que funciona muy bien, que cumple y ah\u00ed se puede ver en la pr\u00e1ctica como es el rol del Defensor, agreg\u00f3 la Oficial de Pol\u00edtica Social de Unicef Argentina.<\/p>\n\n\n\n<p><strong>El pedido que hace UNICEF es \u0093#DefensorDelNi\u00f1oYa\u0094<\/strong><\/p>\n\n\n\n<p>Creemos que ya ha pasado mucho tiempo desde la sanci\u00f3n de la ley. Creemos que en este a\u00f1o se han tenido avances y esperamos que no pase otro a\u00f1o legislativo m\u00e1s sin Defensor de la Ni\u00f1ez.<\/p>\n","protected":false},"excerpt":{"rendered":"<p>En 2005 crearon una ley para proteger los derechos de los m\u00e1s chicos. El Congreso<\/p>\n","protected":false},"author":4,"featured_media":2450,"comment_status":"open","ping_status":"open","sticky":false,"template":"","format":"standard","meta":{"om_disable_all_campaigns":false,"_monsterinsights_skip_tracking":false,"_monsterinsights_sitenote_active":false,"_monsterinsights_sitenote_note":"","_monsterinsights_sitenote_category":0},"categories":[251],"tags":[],"aioseo_notices":[],"jetpack_featured_media_url":"https:\/\/defiendase.com\/wp-content\/uploads\/2023\/02\/childhood.gif","post_mailing_queue_ids":[],"_links":{"self":[{"href":"https:\/\/defiendase.com\/index.php\/wp-json\/wp\/v2\/posts\/2448"}],"collection":[{"href":"https:\/\/defiendase.com\/index.php\/wp-json\/wp\/v2\/posts"}],"about":[{"href":"https:\/\/defiendase.com\/index.php\/wp-json\/wp\/v2\/types\/post"}],"author":[{"embeddable":true,"href":"https:\/\/defiendase.com\/index.php\/wp-json\/wp\/v2\/users\/4"}],"replies":[{"embeddable":true,"href":"https:\/\/defiendase.com\/index.php\/wp-json\/wp\/v2\/comments?post=2448"}],"version-history":[{"count":1,"href":"https:\/\/defiendase.com\/index.php\/wp-json\/wp\/v2\/posts\/2448\/revisions"}],"predecessor-version":[{"id":2451,"href":"https:\/\/defiendase.com\/index.php\/wp-json\/wp\/v2\/posts\/2448\/revisions\/2451"}],"wp:featuredmedia":[{"embeddable":true,"href":"https:\/\/defiendase.com\/index.php\/wp-json\/wp\/v2\/media\/2450"}],"wp:attachment":[{"href":"https:\/\/defiendase.com\/index.php\/wp-json\/wp\/v2\/media?parent=2448"}],"wp:term":[{"taxonomy":"category","embeddable":true,"href":"https:\/\/defiendase.com\/index.php\/wp-json\/wp\/v2\/categories?post=2448"},{"taxonomy":"post_tag","embeddable":true,"href":"https:\/\/defiendase.com\/index.php\/wp-json\/wp\/v2\/tags?post=2448"}],"curies":[{"name":"wp","href":"https:\/\/api.w.org\/{rel}","templated":true}]}}