{"id":2381,"date":"2020-01-28T21:45:00","date_gmt":"2020-01-28T21:45:00","guid":{"rendered":"http:\/\/defiendase.impulsatuidea.com\/?p=2381"},"modified":"2023-02-08T21:45:59","modified_gmt":"2023-02-08T21:45:59","slug":"tres-muertos-una-condena","status":"publish","type":"post","link":"https:\/\/defiendase.com\/index.php\/tres-muertos-una-condena\/","title":{"rendered":"Tres muertos, una condena"},"content":{"rendered":"\n<h3>Tres muertos. Tres familias destruidas. Y un dolor que calma de a poco por un fallo a favor de las v\u00edctimas. En esta nota, la tragedia despu\u00e9s de la tragedia.<\/h3>\n\n\n\n<p>En plena feria judicial, la jueza de Garant\u00edas de Lomas de Zamora, Estela del Carmen Mollo dict\u00f3 la prisi\u00f3n preventiva para G. P\u00e9rez, acusado de los delitos de&nbsp;<strong>HOMICIDIO SIMPLE EN CONCURSO REAL CON LESIONES GRAVES<\/strong>, a ra\u00edz del fallecimiento de Luis Butone, Valeria Pascual y Eduardo Arauz el pasado 10 de diciembre en la ciudad de Avellaneda.<\/p>\n\n\n\n<p><strong>\u0093Estamos muy contentos. Principalmente con que la justicia este encaminada y actue de la manera que corresponde. Queremos que esto se pueda resolver lo antes posible. No queremos que sea un caso m\u00e1s. Pido la m\u00e1xima condena. Estamos conformes\u0094<\/strong>, expresaron los familiares.<\/p>\n\n\n\n<figure class=\"wp-block-image\"><img src=\"https:\/\/www.defiendase.com\/media\/file\/1%20Placa%20con%20fallo.jpg\" alt=\"\"\/><\/figure>\n\n\n\n<p>Hace una semana, familiares y amigos de las v\u00edctimas reclamaron justicia en la esquina de la Avenida Mitre e Iguaz\u00fa. El acto dur\u00f3 m\u00e1s de una hora y media, y Defiendase dialog\u00f3 con Karina, hermana de Valeria. \u0093Quiero que lo que pas\u00f3 con mi hermana no vuelva a suceder\u0094.<\/p>\n\n\n\n<p><strong>En la moto iban Luis y Valeria por la Avenida Mitre. Eduardo Arauz, la tercera v\u00edctima fatal cruzaba en la esquina de Iguaz\u00fa. El auto de P\u00e9rez los impacta desde atr\u00e1s e intent\u00f3 escapar.&nbsp;<\/strong>Los vecinos de la zona lograron retenerlo hasta que lleg\u00f3 el personal policial.<\/p>\n\n\n\n<p><strong>Valeria ten\u00eda 2 hijas. Una de 10 a\u00f1os y otra de 19.<\/strong>&nbsp;El d\u00eda del accidente sali\u00f3 por la ma\u00f1ana a trabajar y a las cuatro de la tarde iba en moto con su novio a su sesi\u00f3n de terapia. Al no volver a su casa, la familia se preocup\u00f3. Llamaron a su tel\u00e9fono y nadie contestaba hasta que llamaron al de Luis (Butone).&nbsp;<strong>\u0093Atendieron desde la comisaria y nos dijeron que vayamos. Cuando llegamos nos enteramos que estaban los dos fallecidos\u0094.<\/strong><\/p>\n\n\n\n<figure class=\"wp-block-embed is-type-rich is-provider-gestor-del-servicio wp-block-embed-gestor-del-servicio wp-embed-aspect-16-9 wp-has-aspect-ratio\"><div class=\"wp-block-embed__wrapper\">\n<iframe loading=\"lazy\" title=\"Tragedia en Avellaneda | Defiendase.com\" width=\"640\" height=\"360\" src=\"https:\/\/www.youtube.com\/embed\/PI-TJTwe4D4?feature=oembed\" frameborder=\"0\" allow=\"accelerometer; autoplay; clipboard-write; encrypted-media; gyroscope; picture-in-picture; web-share\" allowfullscreen><\/iframe>\n<\/div><\/figure>\n\n\n\n<p>Lucia, la abuela de las menores que perdieron su mam\u00e1 tambi\u00e9n habl\u00f3 con nosotros:&nbsp;<strong>\u0093lo \u00fanico que pido es justicia. Mi hija era una luchadora y no se merec\u00eda este final. Siento mucho dolor. Mis nietas quedaron solas, pido justicia por ellas\u0094.<\/strong><\/p>\n\n\n\n<p>\u0093Despu\u00e9s del accidente, cuando ella estaba todav\u00eda en el piso, se ve en uno de los videos que una persona y se lleva la mochila y el celular.<strong>&nbsp;Desde el 10 de diciembre que no pudimos recuperar sus pertenencias<\/strong>\u0094, nos coment\u00f3 un familiar.<\/p>\n\n\n\n<p><strong>\u0093Una persona que mata a otras tres, hoy queda impune.&nbsp;<\/strong>Necesitamos que cambien las reglas en seguridad vial.&nbsp;<strong>En esta avenida pasan los autos en rojo, doblan a la izquierda en donde est\u00e1 prohibido, muchos andan sin patente<\/strong>\u0085 no tenemos ning\u00fan tipo de seguridad en la calle en Avellaneda\u0094, explic\u00f3 Karina.<\/p>\n\n\n\n<figure class=\"wp-block-image\"><img src=\"https:\/\/www.defiendase.com\/media\/file\/2%20familia%20pascual.jpg\" alt=\"\"\/><\/figure>\n\n\n\n<p>En paralelo a la primera etapa del juicio, la familia de Karina busca que cambie la normativa actual. \u0093No hay una ley que ampare a las v\u00edctimas. Hablamos de chicos menores, y en este caso, mi sobrina tiene 10 a\u00f1os y Luis ten\u00eda a su cargo dos adolescentes. Hoy ellos est\u00e1n desprotegidos\u0094.<\/p>\n\n\n\n<p>Catalina era la t\u00eda de Luis Butone. Fue el \u00fanico familiar que tuvo fuerzas para hablar con un medio: \u0093pedimos justicia porque fue algo muy injusto. Nunca sucede la justicia que en este pa\u00eds se pide.&nbsp;<strong>P\u00e9rez cometi\u00f3 un crimen. Mat\u00f3 a tres personas y arruin\u00f3 3 familias. Estamos destruidos, el dolor es enorme y no agobia\u0085 sufrimos todos los d\u00edas<\/strong>\u0094.<\/p>\n\n\n\n<figure class=\"wp-block-image\"><img src=\"https:\/\/www.defiendase.com\/media\/file\/zzzzzzzzzzzzzzzzz.jpg\" alt=\"\"\/><\/figure>\n\n\n\n<p>\u0093Esto lo vimos muchas veces en la tele y nunca pensamos estar en este lugar. Es muy doloroso todo.&nbsp;<strong>La mam\u00e1 de Luis est\u00e1 sufriendo demasiado la p\u00e9rdida de un hijo.&nbsp;<\/strong>Luis era un ser incre\u00edble. Era un hijo para todos nosotros. Era familiero y Valeria, su pareja era una excelente persona<strong>\u0094<\/strong>, concluy\u00f3<\/p>\n","protected":false},"excerpt":{"rendered":"<p>Tres muertos. Tres familias destruidas. Y un dolor que calma de a poco por un<\/p>\n","protected":false},"author":4,"featured_media":2383,"comment_status":"open","ping_status":"open","sticky":false,"template":"","format":"standard","meta":{"om_disable_all_campaigns":false,"_monsterinsights_skip_tracking":false,"_monsterinsights_sitenote_active":false,"_monsterinsights_sitenote_note":"","_monsterinsights_sitenote_category":0},"categories":[9],"tags":[],"aioseo_notices":[],"jetpack_featured_media_url":"https:\/\/defiendase.com\/wp-content\/uploads\/2023\/02\/PORTADA.jpg","post_mailing_queue_ids":[],"_links":{"self":[{"href":"https:\/\/defiendase.com\/index.php\/wp-json\/wp\/v2\/posts\/2381"}],"collection":[{"href":"https:\/\/defiendase.com\/index.php\/wp-json\/wp\/v2\/posts"}],"about":[{"href":"https:\/\/defiendase.com\/index.php\/wp-json\/wp\/v2\/types\/post"}],"author":[{"embeddable":true,"href":"https:\/\/defiendase.com\/index.php\/wp-json\/wp\/v2\/users\/4"}],"replies":[{"embeddable":true,"href":"https:\/\/defiendase.com\/index.php\/wp-json\/wp\/v2\/comments?post=2381"}],"version-history":[{"count":1,"href":"https:\/\/defiendase.com\/index.php\/wp-json\/wp\/v2\/posts\/2381\/revisions"}],"predecessor-version":[{"id":2385,"href":"https:\/\/defiendase.com\/index.php\/wp-json\/wp\/v2\/posts\/2381\/revisions\/2385"}],"wp:featuredmedia":[{"embeddable":true,"href":"https:\/\/defiendase.com\/index.php\/wp-json\/wp\/v2\/media\/2383"}],"wp:attachment":[{"href":"https:\/\/defiendase.com\/index.php\/wp-json\/wp\/v2\/media?parent=2381"}],"wp:term":[{"taxonomy":"category","embeddable":true,"href":"https:\/\/defiendase.com\/index.php\/wp-json\/wp\/v2\/categories?post=2381"},{"taxonomy":"post_tag","embeddable":true,"href":"https:\/\/defiendase.com\/index.php\/wp-json\/wp\/v2\/tags?post=2381"}],"curies":[{"name":"wp","href":"https:\/\/api.w.org\/{rel}","templated":true}]}}