{"id":2359,"date":"2018-04-09T21:40:00","date_gmt":"2018-04-09T21:40:00","guid":{"rendered":"http:\/\/defiendase.impulsatuidea.com\/?p=2359"},"modified":"2023-02-08T21:41:45","modified_gmt":"2023-02-08T21:41:45","slug":"a-dos-meses-de-la-muerte-de-debora-los-testimonios-de-la-hora-tragica","status":"publish","type":"post","link":"https:\/\/defiendase.com\/index.php\/a-dos-meses-de-la-muerte-de-debora-los-testimonios-de-la-hora-tragica\/","title":{"rendered":"A dos meses de la muerte de D\u00e9bora: los testimonios de la hora tr\u00e1gica"},"content":{"rendered":"\n<h3>Por Luis Otero.<\/h3>\n\n\n\n<p>Esa tarde del 6 de febrero, D\u00e9bora estaba rodeada de gente , y cuando se produjo la crisis que deriv\u00f3 en su muerte,&nbsp;<strong>m\u00e1s gente entr\u00f3 para hacer algo<\/strong>. Y no pudieron hacer nada.<\/p>\n\n\n\n<p>De los numerosos testimonios pedidos, hasta ahora&nbsp;<strong>s\u00f3lo hay cuatro<\/strong>. Los relatos reconstruyen parte de lo que pas\u00f3 en el quir\u00f3fano 6. El espacio adonde&nbsp;<em>la flaca<\/em>&nbsp;perdi\u00f3 la vida en pocos minutos.<\/p>\n\n\n\n<p>Los testigos cuentan lo que pas\u00f3, pero hay algunas diferencias que al juez le tocar\u00e1 analizar para ver&nbsp;<strong>por qu\u00e9 no coinciden&nbsp;<\/strong>o dicen cosas muy diferentes.<\/p>\n\n\n\n<p><strong>Miriam Eliana Frias<\/strong>, la instrumentadora que estaba en el quir\u00f3fano 6 y particip\u00f3 de la endoscop\u00eda, cuenta que ella estaba en el quir\u00f3fano pero que tuvo que salir a buscar&nbsp;<strong>m\u00e1s Propofol a pedido de la anestesi\u00f3loga&nbsp;<\/strong>(el Propofol es un agente anest\u00e9sico de corta duraci\u00f3n para la inducci\u00f3n de la anestesia general). Cuando sali\u00f3 del quir\u00f3fano la luz estaba a pleno. Cuando volvi\u00f3, la luz ya estaba apagada.<\/p>\n\n\n\n<p>17:25, dice la historia cl\u00ednica: \u00abSe suspende el procedimiento\u00bb.<\/p>\n\n\n\n<p>La testigo Frias dice que cuando volvi\u00f3, los terapistas y la cardi\u00f3loga se turnaban para las tareas de reanimaci\u00f3n. Fueron varios los que practicaron RCP con intensidad. Incluso,&nbsp;<strong>el estern\u00f3n de Debora se fractur\u00f3 durante esas maniobras<\/strong>.<\/p>\n\n\n\n<figure class=\"wp-block-image\"><img src=\"https:\/\/www.defiendase.com\/media\/file\/quiiii.gif\" alt=\"\"\/><\/figure>\n\n\n\n<p>La emergencia estaba declarada, el desenlace ya era inevitable, y&nbsp;<strong>M\u00f3nica Gabriela Assanelli Martinez<\/strong>, t\u00e9cnica en anestesiolog\u00eda en la zona de quir\u00f3fanos, declar\u00f3 que fue al quir\u00f3fano 6 ante el llamado de emergencia.<\/p>\n\n\n\n<p>Assanelli dijo que no vio al endoscopista hacer tareas de reanimaci\u00f3n, que&nbsp;<strong>esas tareas las hac\u00edan las terapistas y la cardi\u00f3loga<\/strong>. El testimonio coincide con el de Frias. En ese momento observ\u00f3 que la anestesi\u00f3loga Nelida In\u00e9s Puente le insuflaba aire con la bolsa, el AMBU (del ingl\u00e9s Airway Mask Bag Unit) tambi\u00e9n conocido como resucitador manual.<\/p>\n\n\n\n<p>En el mismo quir\u00f3fano 6 tambi\u00e9n estaba Patricia Soledad Moronta, instrumentadora en la zona de quir\u00f3fanos, y entr\u00f3 al quir\u00f3fano 6 ante el llamado de emergencia. Pasaban los minutos y&nbsp;<em>la flaca<\/em>&nbsp;no reaccionaba. Moronta declar\u00f3 en la causa que la primera persona que realiz\u00f3 las maniobras&nbsp;<strong>de reanimaci\u00f3n fue la cardi\u00f3loga,<\/strong>&nbsp;que se turnaba con los terapistas, para no perder intensidad y ritmo.<\/p>\n\n\n\n<figure class=\"wp-block-image\"><img src=\"https:\/\/cdn.tn.com.ar\/sites\/default\/files\/styles\/embed_image\/public\/2018\/04\/07\/5ac90fe0ec0e7debora1.jpg\" alt=\"\"\/><\/figure>\n\n\n\n<p>Moronta dice que vio a la anestesi\u00f3loga con el AMBU, y que el endoscopista&nbsp;<strong>Diego Bialolenkier<\/strong>&nbsp;no estuvo en todo momento en el quir\u00f3fano. Declar\u00f3: \u00ab<strong>Diego estaba sin hacer algo sobre la paciente\u00bb<\/strong>&nbsp;.<\/p>\n\n\n\n<p>La instrumentadora Moronta relat\u00f3 en su declaraci\u00f3n que encendi\u00f3 el desfibrilador, como \u00absiempre en casos de emergencia\u00bb, pero dice que el desfibrilador \u00abno se utiliz\u00f3\u00bb.<\/p>\n\n\n\n<p>Un d\u00eda despu\u00e9s de estas declaraciones coincidentes, hubo otro testimonio, el de Andrea Liliana Villalba, que no concuerda del todo con los anteriores. La instrumentadora de la zona de quir\u00f3fanos, que tambi\u00e9n acudi\u00f3 -seg\u00fan su declaraci\u00f3n- al llamado de emergencia dice que s\u00ed vio a Bialolenkier participar de las tareas de reanimaci\u00f3n, cosa que las anteriores hab\u00edan negado.<\/p>\n\n\n\n<p>Unas dijeron blanco, la otra dijo negro? alguien vio algo distinto, alguien probablemente se equivoca, o vio, o pretende haber visto otra cosa.<\/p>\n\n\n\n<p>\u00bfLos testimonios pueden no coincidir? De cuatro personas que dijeron que estaban adentro del quir\u00f3fano 6, una que declara un d\u00eda despu\u00e9s dice que vio algo distinto.&nbsp;<\/p>\n\n\n\n<p>Algo que debe ser&nbsp;<strong>sometido a an\u00e1lisis<\/strong>.<\/p>\n\n\n\n<p>Restan 17 testimonios supuestamente, de profesionales que&nbsp;<strong>aportar\u00e1n lo que vieron y escucharon y probablemente haya diferencias tambi\u00e9n<\/strong>. En lo que no hay diferencias al parecer en la causa, es entre el informe preliminar de la autopsia, y el informe final.<\/p>\n\n\n\n<p>El primero anticip\u00f3 que \u00absi bien la congesti\u00f3n y el edema pulmonar son la expresi\u00f3n final de una falla card\u00edaca, la misma es la consecuencia del barotrauma generado por el neumodiastino y el neumoperitoneo, los cuales estar\u00edan en relaci\u00f3n con las maniobras instrumentales endosc\u00f3picas practicadas en la via digestiva, dado el hallazgo de las lesiones descriptas en es\u00f3fago y est\u00f3mago se aguardan los resultados de la anatom\u00eda patol\u00f3gica para dar mayores detalles respecto de la existencia de perforaciones completas\u00bb.<\/p>\n\n\n\n<p>Sabemos que hab\u00eda 9 cortes provocados por el endoscopio. De 12 y 3 cent\u00edmetros de largo, de 0,7 y 0,9 cm de ancho. Agrupados, longitudinales, lineales, paralelos. Como un ara\u00f1azo en la regi\u00f3n del es\u00f3fago.<\/p>\n\n\n\n<p>Los informes definitivos ya est\u00e1n, y el mi\u00e9rcoles ser\u00e1n entregados. Todos los resultados de la autopsia de D\u00e9bora est\u00e1n concluidos dijo una fuente indubitable. Se cit\u00f3 a los peritos de las partes para el mi\u00e9rcoles 11 de abril a las 12.30 en la morgue judicial. Luego de ponerlos en conocimiento de los resultados, el informe completo ser\u00e1 remitido a la fiscal\u00eda, al d\u00eda siguiente .<\/p>\n\n\n\n<p>Los resultados con relaci\u00f3n a la causa de la muerte de D\u00e9bora son concluyentes, categ\u00f3ricos y cient\u00edficamente comprobados.<\/p>\n\n\n\n<p>Los informes microsc\u00f3picos e histopatol\u00f3gicos confirman lo que los forenses anticiparon durante la autopsia y est\u00e1n \u00abavalados con aportes cient\u00edficos nacionales e internacionales de la ciencia forense\u00bb.<\/p>\n\n\n\n<p>Est\u00e1 todo confirmado y para los peritos oficiales, seg\u00fan pudimos saber, no quedan dudas de lo que ocurri\u00f3 el 6 de febrero a las 17,25 , lo que no difiere del informe preliminar que ya se conoce.<\/p>\n\n\n\n<p>El informe final de la autopsia confirma de manera contundente y fundamentada, que no hay ninguna enfermedad preexistente que haya contribuido con el desenlace fatal.<\/p>\n\n\n\n<p>D\u00e9bora muri\u00f3, por lo que pas\u00f3 en la&nbsp;<strong>endoscop\u00eda, y no por otra causa<\/strong>.<\/p>\n\n\n\n<p>Deben realizarse pericias adicionales, recurriendo a las t\u00e9cnicas de la biomedicina o bioingenier\u00eda para estudiar los equipos endosc\u00f3picos utilizados, las conexiones de aire y ox\u00edgeno, y si funcionaban bien en ese momento.<\/p>\n\n\n\n<p>La responsabilidad humana de los profesionales estar\u00eda comprobada: en principio del endoscopista, y secundariamente, de la anestesi\u00f3loga. Resta que el tribunal, que por ahora se mantuvo a la espera de este informe y sin mucho movimiento efectivo, rechazando medida, eval\u00fae y resuelva conforme a lo que consta en la causa, atribuyendo a cada uno lo suyo. Nada volver\u00e1 las cosas para atr\u00e1s. Nada podr\u00e1 reparar el da\u00f1o. Pero si la verdad se conoce finalmente, Habr\u00e1 oportunidad para la justicia que no cura, pero que alivia. #JUSTICIAPORDEBORA.<\/p>\n","protected":false},"excerpt":{"rendered":"<p>Por Luis Otero. Esa tarde del 6 de febrero, D\u00e9bora estaba rodeada de gente ,<\/p>\n","protected":false},"author":4,"featured_media":2362,"comment_status":"open","ping_status":"open","sticky":false,"template":"","format":"standard","meta":{"om_disable_all_campaigns":false,"_monsterinsights_skip_tracking":false,"_monsterinsights_sitenote_active":false,"_monsterinsights_sitenote_note":"","_monsterinsights_sitenote_category":0},"categories":[9],"tags":[],"aioseo_notices":[],"jetpack_featured_media_url":"https:\/\/defiendase.com\/wp-content\/uploads\/2023\/02\/debbie-1.gif","post_mailing_queue_ids":[],"_links":{"self":[{"href":"https:\/\/defiendase.com\/index.php\/wp-json\/wp\/v2\/posts\/2359"}],"collection":[{"href":"https:\/\/defiendase.com\/index.php\/wp-json\/wp\/v2\/posts"}],"about":[{"href":"https:\/\/defiendase.com\/index.php\/wp-json\/wp\/v2\/types\/post"}],"author":[{"embeddable":true,"href":"https:\/\/defiendase.com\/index.php\/wp-json\/wp\/v2\/users\/4"}],"replies":[{"embeddable":true,"href":"https:\/\/defiendase.com\/index.php\/wp-json\/wp\/v2\/comments?post=2359"}],"version-history":[{"count":1,"href":"https:\/\/defiendase.com\/index.php\/wp-json\/wp\/v2\/posts\/2359\/revisions"}],"predecessor-version":[{"id":2363,"href":"https:\/\/defiendase.com\/index.php\/wp-json\/wp\/v2\/posts\/2359\/revisions\/2363"}],"wp:featuredmedia":[{"embeddable":true,"href":"https:\/\/defiendase.com\/index.php\/wp-json\/wp\/v2\/media\/2362"}],"wp:attachment":[{"href":"https:\/\/defiendase.com\/index.php\/wp-json\/wp\/v2\/media?parent=2359"}],"wp:term":[{"taxonomy":"category","embeddable":true,"href":"https:\/\/defiendase.com\/index.php\/wp-json\/wp\/v2\/categories?post=2359"},{"taxonomy":"post_tag","embeddable":true,"href":"https:\/\/defiendase.com\/index.php\/wp-json\/wp\/v2\/tags?post=2359"}],"curies":[{"name":"wp","href":"https:\/\/api.w.org\/{rel}","templated":true}]}}