{"id":2353,"date":"2018-02-23T21:38:00","date_gmt":"2018-02-23T21:38:00","guid":{"rendered":"http:\/\/defiendase.impulsatuidea.com\/?p=2353"},"modified":"2023-02-08T21:39:31","modified_gmt":"2023-02-08T21:39:31","slug":"5-minutos-fatales","status":"publish","type":"post","link":"https:\/\/defiendase.com\/index.php\/5-minutos-fatales\/","title":{"rendered":"5 minutos fatales"},"content":{"rendered":"\n<h3>Por Luis Otero<\/h3>\n\n\n\n<figure class=\"wp-block-image\"><img src=\"https:\/\/www.defiendase.com\/media\/file\/debbie.gif\" alt=\"5 minutos fatales<br&gt;\"\/><\/figure>\n\n\n\n<p>\u00bfQu\u00e9 pas\u00f3? Nos seguimos preguntando, llenos de dolor, y con enojo creciente.<\/p>\n\n\n\n<p>Qu\u00e9 le pas\u00f3 a D\u00e9bora en ese quir\u00f3fano al que entr\u00f3 con un dolor de panza muy fuerte, y no sali\u00f3 con vida.<\/p>\n\n\n\n<p>Por todos lados el abogado de la anestesi\u00f3loga difundi\u00f3 el informe preliminar de la autopsia, m\u00e1s all\u00e1 del secreto de sumario que estableci\u00f3 el juez Ghirlanda.&nbsp;<\/p>\n\n\n\n<p>El defensor de la Dra. N\u00e9lida In\u00e9s Puente juega su propio partido, lo que pareciera despegarse de la estrategia que analiza&nbsp;el defensor del endoscopista, Dr. Diego Bialolenkier.<\/p>\n\n\n\n<p>Mientras y de manera poco usual, la cl\u00ednica es parte de la causa penal, cuando en un expediente penal, no hay responsabilidades para personas jur\u00eddicas, en todo caso, y eventualmente, para sus miembros.<\/p>\n\n\n\n<p>Esta claro que hay solidaridad en caso de reclamo civil, pero, este reclamo hoy no existe, estamos en el \u00e1mbito penal.<\/p>\n\n\n\n<p>Curarse en salud, parad\u00f3jicamente &nbsp;parece &nbsp;la consigna.<\/p>\n\n\n\n<p>Mientras, do\u00f1a Marta, la mam\u00e1 de Debora, se present\u00f3 como querellante en la causa, (lo que s\u00ed corresponde) sum\u00e1ndose al hermano, Alejandro, para reclamar urgente esclarecimiento de c\u00f3mo su hija, a la que acompa\u00f1\u00f3 a hacerse un estudio a una cl\u00ednica, termin\u00f3 muerta.<\/p>\n\n\n\n<p>En estado de salud sin riesgo de muerte entr\u00f3 Debora al quir\u00f3fano, se quer\u00eda curar de su dolor de panza pero &nbsp;pas\u00f3 otra cosa. Irreparable.<\/p>\n\n\n\n<p>Fueron cinco minutos fatales, que transcurrieron en esa sala con pocos testigos, aparentemente sin registros. Perd\u00f3n. Si hubo registro.<\/p>\n\n\n\n<p>No solo el cuerpo de la v\u00edctima habla en la autopsia, sino que tambi\u00e9n hay documentos que permiten describir el minuto a minuto de la situaci\u00f3n que deriv\u00f3 en la muerte de nuestra amiga.<\/p>\n\n\n\n<p>Fueron los cinco minutos fatales.<\/p>\n\n\n\n<p>Y est\u00e1n escritos en la historia cl\u00ednica de una manera por momentos curiosa.<\/p>\n\n\n\n<p><strong>6 de febrero<\/strong>. La fecha est\u00e1 consignada.<\/p>\n\n\n\n<p><strong>Hora 17.20<\/strong>. &nbsp;En la historia cl\u00ednica el gastroenter\u00f3logo escribe que Debora entra con un cuadro de epigastalgia. En criollo. Le dol\u00eda mucho la panza, pero esto es s\u00edntoma de una posible dolencia que merece tratamiento m\u00e9dico , seg\u00fan te explican los que saben.<\/p>\n\n\n\n<p>El diagn\u00f3stico final iba a surgir entre otras cosas, justamente de la endoscop\u00eda, para determinar el tratamiento.<\/p>\n\n\n\n<p>A las 17.20 el endoscopista escribi\u00f3 que, con el endoscopio, \u00abse progresa hasta la segunda porci\u00f3n duodenal con distensibilidad dificultosa del tracto digestivo\u00bb.&nbsp; Esto fue escrito a las 18.15 en la historia cl\u00ednica.<\/p>\n\n\n\n<p>Lo escrito por el profesional marcar\u00eda que hubo una dificultad en su trabajo para pasar la sonda por el es\u00f3fago y el est\u00f3mago.<\/p>\n\n\n\n<p>Poco despu\u00e9s, escribe que se constata edema generalizado sin lograr correcta visualizaci\u00f3n.<\/p>\n\n\n\n<p>Estaban viendo a trav\u00e9s de la sonda, pero seg\u00fan el m\u00e9dico no vieron bien, y detectaron que ella estaba sufriendo una crisis.<\/p>\n\n\n\n<p>Se hab\u00eda generado una emergencia en el quir\u00f3fano, a los 3 minutos de iniciado el estudio.<\/p>\n\n\n\n<p>Se detecta ?bradicardia?, el coraz\u00f3n da se\u00f1ales de arritmia, esto quiere decir que su ritmo card\u00edaco empezaba a funcionar por debajo de las sesenta pulsaciones por minuto y esto gener\u00f3 una decisi\u00f3n urgente.<\/p>\n\n\n\n<p><strong>17,25: se suspende el procedimiento?<\/strong><\/p>\n\n\n\n<p>Ah\u00ed empezaron las tareas para despertar a Debora, cosa que fue imposible. Hasta el estern\u00f3n se quebr\u00f3 en la maniobra, pero fue in\u00fatil;<\/p>\n\n\n\n<p>El destino ya estaba sellado.<\/p>\n\n\n\n<p>Pero, y ac\u00e1 hay algo todav\u00eda no explicado, a las 19.43 en la misma historia cl\u00ednica, aparece escrito una vez m\u00e1s lo que se realiz\u00f3 a las 17;20&nbsp; Textualmente dice: \u00abse inicia procedimiento 17.20&nbsp; progresando&nbsp;sin dificultad hasta la segunda porci\u00f3n duodenal\u00bb.<\/p>\n\n\n\n<p>Record\u00e1 que &nbsp;a las 18;15 ya hab\u00eda hablado de distensibilidad dificultosa en el tracto digestivo.<\/p>\n\n\n\n<p>Hablamos de los cinco minutos fatales en los que la INCERTIDUMBRE dej\u00f3 sin explicaciones al gastroenter\u00f3logo frente a la familia. y la respuesta fue:No sabemos que pas\u00f3. Dos frases diferentes y aparentemente contradictorias en la historia cl\u00ednica, que los m\u00e9dicos forenses explicar\u00e1n luego, y tendr\u00e1n que explicar los profesionales que intervinieron, cuando los citen a declarar.<\/p>\n\n\n\n<p>Ten\u00e9 presente la frase:&nbsp;\u00abdistensibilidad dificultosa del tracto digestivo\u00bb&nbsp;y recordemos:<\/p>\n\n\n\n<p>Est\u00e1 escrito en el informe de la autopsia, cuando los m\u00e9dicos examinan el cuerpo dice sobre esos \u00f3rganos,<\/p>\n\n\n\n<p>\u00abse constata infiltraci\u00f3n hemorr\u00e1gica del es\u00f3fago, desde su inicio hasta 11 cent\u00edmetros por debajo, lo cual interesa el tercio superior y medio esof\u00e1gico. La infiltraci\u00f3n finaliza a 13 cm por arriba del diafragma, con m\u00faltiples efracciones de la mucosa\u00bb&nbsp; ( efracci\u00f3n seg\u00fan el diccionario significa ruptura, perforaci\u00f3n, &nbsp;y lo que resta determinar en el informe que falta es si la perforaci\u00f3n fue completa)<\/p>\n\n\n\n<p>Cuando habla de estas efracciones, el informe dice que est\u00e1n agrupadas , son longitudinales, lineales, paralelas. Unas 9. 4 de ellas miden 12 cm de largo por 7mm de ancho. Y 5 miden 3 cm con un ancho de 9 mm.<\/p>\n\n\n\n<p>El informe sigue diciendo luego que la situaci\u00f3n estar\u00eda relacionada con ?las maniobras instrumentales endosc\u00f3picas practicadas en la v\u00eda digestiva, dado el hallazgo de las lesiones descriptas en es\u00f3fago y est\u00f3mago.<\/p>\n\n\n\n<p>Habla la historia cl\u00ednica. Habla la autopsia. Los profesionales al principio no hablaron o no contaron lo que pudo haber pasado.<\/p>\n\n\n\n<p>Luego las explicaciones, \u00abno sabemos que pudo haber pasado\u00bb&nbsp;.La palabra es INCERTIDUMBRE<\/p>\n\n\n\n<p>Lo que est\u00e1 claro que lo que pas\u00f3, pas\u00f3 en esos 5 minutos fatales, y cuando D\u00e9bora estaba bajo su responsabilidad m\u00e9dica.<\/p>\n\n\n\n<p>Las defensas de los m\u00e9dicos est\u00e1n separadas. Se espera una \u00abefracci\u00f3n\u00bb&nbsp;a la hora de deslindar responsabilidades entre ellos.<\/p>\n\n\n\n<p>Pronto sabremos qu\u00e9 pas\u00f3 realmente, pero al parecer las lesiones del es\u00f3fago escritas en el informe preliminar de la autopsia, son coherentes con la frase de la historia cl\u00ednica: ?distensibilidad dificultosa del tracto digestivo? que indica lo que pasaba a las 17;20, cuando comenzaron los 5 minutos fatales.<\/p>\n\n\n\n<p>Homicidio culposo, dice todav\u00eda la car\u00e1tula del expediente, y esto parece que por ahora no cambia.<br><br><img alt=\"\" src=\"https:\/\/www.defiendase.com\/media\/file\/autop1.gif\"><\/p>\n\n\n\n<figure class=\"wp-block-image\"><img src=\"https:\/\/www.defiendase.com\/media\/file\/autop2posta.gif\" alt=\"\"\/><\/figure>\n\n\n\n<figure class=\"wp-block-image\"><img src=\"https:\/\/www.defiendase.com\/media\/file\/autop3.gif\" alt=\"\"\/><\/figure>\n\n\n\n<figure class=\"wp-block-image\"><img src=\"https:\/\/www.defiendase.com\/media\/file\/autop2.gif\" alt=\"\"\/><\/figure>\n","protected":false},"excerpt":{"rendered":"<p>Por Luis Otero \u00bfQu\u00e9 pas\u00f3? Nos seguimos preguntando, llenos de dolor, y con enojo creciente.<\/p>\n","protected":false},"author":4,"featured_media":2354,"comment_status":"open","ping_status":"open","sticky":false,"template":"","format":"standard","meta":{"om_disable_all_campaigns":false,"_monsterinsights_skip_tracking":false,"_monsterinsights_sitenote_active":false,"_monsterinsights_sitenote_note":"","_monsterinsights_sitenote_category":0},"categories":[9],"tags":[],"aioseo_notices":[],"jetpack_featured_media_url":"https:\/\/defiendase.com\/wp-content\/uploads\/2023\/02\/debbie.gif","post_mailing_queue_ids":[],"_links":{"self":[{"href":"https:\/\/defiendase.com\/index.php\/wp-json\/wp\/v2\/posts\/2353"}],"collection":[{"href":"https:\/\/defiendase.com\/index.php\/wp-json\/wp\/v2\/posts"}],"about":[{"href":"https:\/\/defiendase.com\/index.php\/wp-json\/wp\/v2\/types\/post"}],"author":[{"embeddable":true,"href":"https:\/\/defiendase.com\/index.php\/wp-json\/wp\/v2\/users\/4"}],"replies":[{"embeddable":true,"href":"https:\/\/defiendase.com\/index.php\/wp-json\/wp\/v2\/comments?post=2353"}],"version-history":[{"count":1,"href":"https:\/\/defiendase.com\/index.php\/wp-json\/wp\/v2\/posts\/2353\/revisions"}],"predecessor-version":[{"id":2355,"href":"https:\/\/defiendase.com\/index.php\/wp-json\/wp\/v2\/posts\/2353\/revisions\/2355"}],"wp:featuredmedia":[{"embeddable":true,"href":"https:\/\/defiendase.com\/index.php\/wp-json\/wp\/v2\/media\/2354"}],"wp:attachment":[{"href":"https:\/\/defiendase.com\/index.php\/wp-json\/wp\/v2\/media?parent=2353"}],"wp:term":[{"taxonomy":"category","embeddable":true,"href":"https:\/\/defiendase.com\/index.php\/wp-json\/wp\/v2\/categories?post=2353"},{"taxonomy":"post_tag","embeddable":true,"href":"https:\/\/defiendase.com\/index.php\/wp-json\/wp\/v2\/tags?post=2353"}],"curies":[{"name":"wp","href":"https:\/\/api.w.org\/{rel}","templated":true}]}}