{"id":2313,"date":"2017-02-10T21:26:00","date_gmt":"2017-02-10T21:26:00","guid":{"rendered":"http:\/\/defiendase.impulsatuidea.com\/?p=2313"},"modified":"2023-02-08T21:29:21","modified_gmt":"2023-02-08T21:29:21","slug":"ley-de-victimas-aprobada","status":"publish","type":"post","link":"https:\/\/defiendase.com\/index.php\/ley-de-victimas-aprobada\/","title":{"rendered":"\u00a1Ley de v\u00edctimas, aprobada!"},"content":{"rendered":"\n<h3>Hist\u00f3rico. Por unanimidad, la C\u00e1mara de Diputados sancion\u00f3 la ley de protecci\u00f3n de v\u00edctimas de delitos. \u00bfDe qu\u00e9 trata? \u00bfC\u00f3mo se aplica?<\/h3>\n\n\n\n<figure class=\"wp-block-image\"><img src=\"https:\/\/www.defiendase.com\/media\/file\/vicport.gif\" alt=\"\u00a1Ley de v\u00edctimas, aprobada!\"\/><\/figure>\n\n\n\n<p>Finalmente, y despu\u00e9s de varias idas y vueltas dentro del Congreso, el proyecto de la ley de protecci\u00f3n de v\u00edctimas de delitos fue aprobada. La C\u00e1mara Baja apoy\u00f3 a las organizaciones sociales que ped\u00edan una reglamentaci\u00f3n,&nbsp;<strong>con 219 votos a favor y ninguno en contra<\/strong>.&nbsp;<\/p>\n\n\n\n<p>Esta ley, redactada por el sector de Sergio Massa y modificada en el Senado,<strong>&nbsp;establece un r\u00e9gimen de protecci\u00f3n a v\u00edctimas de delitos y crea centros de protecci\u00f3n<\/strong>&nbsp;que deber\u00e1n permanecer&nbsp;<strong>abiertos las 24 horas y contar con un equipo especializado<\/strong>.<\/p>\n\n\n\n<figure class=\"wp-block-embed is-type-rich is-provider-gestor-del-servicio wp-block-embed-gestor-del-servicio wp-embed-aspect-16-9 wp-has-aspect-ratio\"><div class=\"wp-block-embed__wrapper\">\n<iframe loading=\"lazy\" title=\"Monica Litza por Ley de Victimas - Defiendase\" width=\"640\" height=\"360\" src=\"https:\/\/www.youtube.com\/embed\/enJVm5OAowk?feature=oembed\" frameborder=\"0\" allow=\"accelerometer; autoplay; clipboard-write; encrypted-media; gyroscope; picture-in-picture; web-share\" allowfullscreen><\/iframe>\n<\/div><\/figure>\n\n\n\n<p>M\u00f3nica Litza, Diputada Nacional del Frente Renovador se\u00f1al\u00f3 a&nbsp;<strong>Defiendase<\/strong>&nbsp;que esto es un cambio de paradigma enorme. \u00abLa balanza de la justicia estaba desequilibrada.&nbsp;<strong>Hab\u00eda derechos y garant\u00edas para los delincuentes, desde el inicio del delito\u00bb<\/strong>. La congresista agreg\u00f3 que el victimario pod\u00eda disponer de un abogado de forma gratuita y la v\u00edctima no.&nbsp;<\/p>\n\n\n\n<p>El texto aprobado en el Congreso permite que&nbsp;<strong>de ahora en m\u00e1s la v\u00edctima sea escuchada<\/strong>&nbsp;y que su opini\u00f3n, respecto a la recuperaci\u00f3n de la libertad (libertad condicional o excarcelaci\u00f3n) de su victimario sea tenida en cuenta.<\/p>\n\n\n\n<p><strong>Cada provincia y la Ciudad de Buenos Aires adem\u00e1s deber\u00e1 tener un Defensor P\u00fablico<\/strong>&nbsp;<strong>de las Victimas<\/strong>&nbsp;que estar\u00e1 en la \u00f3rbita de la Defensor\u00eda General de la Naci\u00f3n. \u00abMuchas ciudades tienen departamentos de atenci\u00f3n, pero no est\u00e1n funcionando, ahora hay que mejorarlas y poner los recursos para que realmente funcionen\u00bb, detall\u00f3 Litza.<\/p>\n\n\n\n<figure class=\"wp-block-image\"><img src=\"https:\/\/www.defiendase.com\/media\/file\/vic1.gif\" alt=\"\"\/><\/figure>\n\n\n\n<p>\u00abCuando hablamos de v\u00edctimas no tenemos que pensar que son un grupo de personas que tuvo mala suerte. V\u00edctimas somos todos porque nos pas\u00f3 algo o a alg\u00fan familiar, amigo o afecto\u00bb.<\/p>\n\n\n\n<p>\u00abUno de cada tres argentinos es v\u00edctima de un delito\u00bb, revel\u00f3 la diputada y agreg\u00f3 que, de 100 denuncias, solamente una termina con sentencia. \u00ab<strong>La justicia tambi\u00e9n tiene que saldar una asignatura pendiente enorme\u00bb.<\/strong><\/p>\n\n\n\n<figure class=\"wp-block-image\"><img src=\"https:\/\/www.defiendase.com\/media\/file\/vic2.gif\" alt=\"\"\/><\/figure>\n\n\n\n<p>Mat\u00edas Bagnato es el \u00fanico sobreviviente de la llamada Masacre de Flores. En febrero de 1994 murieron sus padres, sus hermanos, Fernando y Alejandro, y Nicol\u00e1s Borda, un amigo de Alejandro a causa de un incendio provocado por \u00abun monstruo\u00bb&nbsp;que quer\u00eda venganza.<\/p>\n\n\n\n<p>Muchos a\u00f1os despu\u00e9s de aquella pesadilla, Mat\u00edas sigui\u00f3 peleando por justicia y form\u00f3 parte del armado de esta ley. Para \u00e9l,&nbsp;<strong>haberla logrado es la forma que tiene de devolverle a todos los argentinos la ayuda que le dieron desde chico<\/strong>. \u00abMuchos fueron mi sost\u00e9n. Hoy se est\u00e1 generando un cambio en el pa\u00eds, nadie m\u00e1s va a tener que sufrir lo mismo que yo sufr\u00ed\u00bb, confes\u00f3 en dialogo con Defiendase.<\/p>\n\n\n\n<p>\u00abSabemos que van a existir futuras v\u00edctimas del delito y esta ley es para ellos\u00bb. El primer punto habla del&nbsp;<strong>Defensor Oficial para la Victima<\/strong>, y se crea porque al d\u00eda de hoy&nbsp;<strong>el delincuente contaba con un abogado gratuito que le suministraba el Estado y la v\u00edctima, si estaba en una situaci\u00f3n econ\u00f3mica desfavorable no pod\u00eda constituirse como parte querellante en una causa y quedaba completamente excluido<\/strong>, defini\u00f3.<\/p>\n\n\n\n<figure class=\"wp-block-image\"><img src=\"https:\/\/www.defiendase.com\/media\/file\/vic3.gif\" alt=\"\"\/><\/figure>\n\n\n\n<p>La ley adem\u00e1s le da la posibilidad a la v\u00edctima de ser escuchada e informada a lo largo de todo el proceso judicial. En la actualidad, cuando los delincuentes deben cumplir la pena, la v\u00edctima era excluida y&nbsp;<strong>los jueces no le avisaban a la otra parte cuando les otorgaban a los asesinos salidas transitorias o la libertad condicional<\/strong>. Esto expone a la v\u00edctima a un riesgo latente, dijo Bagnato.<\/p>\n\n\n\n<p>Por su parte, quien tambi\u00e9n habl\u00f3 con Defiendase fue Mar\u00eda Lujan Rey, mam\u00e1 de Lucas Menghini de 20 a\u00f1os, que falleci\u00f3 en la tragedia de Once en 2012.<\/p>\n\n\n\n<p>Ella se\u00f1ala que&nbsp;<strong>esta ley viene a saldar una deuda a futuro con los ciudadanos que se convierten en v\u00edctimas<\/strong>. \u00abLa ley es para quienes, de un d\u00eda para el otro, por hechos de inseguridad o por hechos de corrupci\u00f3n se convierten en v\u00edctimas o en familiares de v\u00edctimas\u00bb.<\/p>\n\n\n\n<p>La creaci\u00f3n de una&nbsp;<strong>Defensor\u00eda Publica para la Victima<\/strong>&nbsp;y de los centros de asistencia integrales son los puntos m\u00e1s importantes de la ley, y esperamos que sea reglamentada prontamente. \u00ab<strong>Queremos que sea adherida por todas las provincias para que todos los argentinos se vean beneficiados con estos nuevos derechos\u00bb<\/strong>, explic\u00f3.<\/p>\n\n\n\n<figure class=\"wp-block-image\"><img src=\"https:\/\/www.defiendase.com\/media\/file\/vic4.gif\" alt=\"\"\/><\/figure>\n\n\n\n<p>Defi\u00e9ndase tambi\u00e9n busc\u00f3 la opini\u00f3n del Diputado Nacional Luis Petri (UCR\/Cambiemos) para hablar del proyecto de ley aprobado en la C\u00e1mara Baja. \u00ab<strong>Se fortalecen los derechos de las v\u00edctimas en el proceso penal\u00bb<\/strong>, se\u00f1al\u00f3 en una comunicaci\u00f3n v\u00eda Skype con nuestro equipo.<\/p>\n\n\n\n<p>Petri agreg\u00f3 adem\u00e1s que, en la Rep\u00fablica Argentina las v\u00edctimas sufren una \u00ab<strong>victimizaci\u00f3n secundaria\u00bb<\/strong>, es decir, son v\u00edctimas del delito por parte del victimario, pero posteriormente terminan siendo rehenes del proceso judicial en donde se las abandonan y estigmatizan.&nbsp;<\/p>\n\n\n\n<p><strong>\u00abTienen muy pocos derechos y su participaci\u00f3n termina reducida a la posibilidad de ser testigos del proceso, en donde muchas veces se ven amenazadas y amedrentadas.&nbsp;<\/strong>Esta ley les proporcionara a las futuras v\u00edctimas asistencia m\u00e9dica, psicol\u00f3gica y jur\u00eddica\u00bb, detall\u00f3 el Diputado mendocino.<\/p>\n\n\n\n<figure class=\"wp-block-embed is-type-rich is-provider-gestor-del-servicio wp-block-embed-gestor-del-servicio wp-embed-aspect-16-9 wp-has-aspect-ratio\"><div class=\"wp-block-embed__wrapper\">\n<iframe loading=\"lazy\" title=\"Luis Petri por Ley de Victimas - Defiendase\" width=\"640\" height=\"360\" src=\"https:\/\/www.youtube.com\/embed\/sxnJhcEr-4Q?feature=oembed\" frameborder=\"0\" allow=\"accelerometer; autoplay; clipboard-write; encrypted-media; gyroscope; picture-in-picture; web-share\" allowfullscreen><\/iframe>\n<\/div><\/figure>\n\n\n\n<p>\u00abSe modifica el paradigma y la v\u00edctima pasa a tener un rol de centralidad en el proceso equilibrando la balanza\u00bb, remarc\u00f3. El proceso penal, seg\u00fan Petri, posaba su mirada en los imputados, les otorgaba derechos y garant\u00edas, pero no hac\u00eda lo mismo con la v\u00edctima. \u00ab<strong>En definitiva el debido proceso debe garantizarse a toda aquella persona que acude a la justicia\u00bb.&nbsp;<\/strong><\/p>\n\n\n\n<p>Ramiro Guti\u00e9rrez, vicepresidente de la C\u00e1mara de Diputados de la Provincia de Buenos Aires tambi\u00e9n habl\u00f3 con nosotros del proyecto. \u00ab<strong>Es una ley muy ambiciosa y potente. Pone a la v\u00edctima en el centro y construye todo un arco de derechos\u00bb.<\/strong><\/p>\n\n\n\n<p>El diputado del Frente Renovador hab\u00eda participado en la redacci\u00f3n del texto original, en donde se detalla que una v\u00edctima que no sabe c\u00f3mo proceder cuando se ha cometido un delito puede pedir asesoramiento o puede ser representada. \u00ab<strong>Una v\u00edctima, un abogado\u00bb<\/strong>.<\/p>\n\n\n\n<p>Los centros de atenci\u00f3n se crean con un criterio de descentralizaci\u00f3n.&nbsp;<strong>La idea es llevar a la justicia al lugar del problema y evitar que la v\u00edctima concurra a los tribunales.<\/strong>&nbsp;En estos lugares se podr\u00e1n hacer todas las primeras diligencias, toma de denuncia, pericias y ex\u00e1menes m\u00e9dicos en caso de violaci\u00f3n.<\/p>\n\n\n\n<figure class=\"wp-block-embed is-type-rich is-provider-gestor-del-servicio wp-block-embed-gestor-del-servicio wp-embed-aspect-16-9 wp-has-aspect-ratio\"><div class=\"wp-block-embed__wrapper\">\n<iframe loading=\"lazy\" title=\"Ramiro Gutierrez Ley de Victimas - Defiendase\" width=\"640\" height=\"360\" src=\"https:\/\/www.youtube.com\/embed\/cbZ0RBsXyLM?feature=oembed\" frameborder=\"0\" allow=\"accelerometer; autoplay; clipboard-write; encrypted-media; gyroscope; picture-in-picture; web-share\" allowfullscreen><\/iframe>\n<\/div><\/figure>\n\n\n\n<p>\u00abEsta es una ley pensada para la defensa real de la v\u00edctima. Deber\u00e1 construirse en el tiempo y con los presupuestos, pero se ha logrado un&nbsp;<strong>instrumento legal muy bueno\u00bb<\/strong>, opin\u00f3.<\/p>\n\n\n\n<p>Respecto a la creaci\u00f3n del Defensor de la Victima, el diputado provincial explic\u00f3 que en la provincia de Buenos Aires acceder a un proceso penal con un abogado cuesta $1300 de impuestos y que \u00ab<strong>esta ley toma el principio de gratuidad. Toda v\u00edctima va a contar con la posibilidad de tener un asesoramiento y una representaci\u00f3n en los delitos graves de forma gratuita como la tiene el imputado\u00bb<\/strong>, finaliz\u00f3 Guti\u00e9rrez.<\/p>\n","protected":false},"excerpt":{"rendered":"<p>Hist\u00f3rico. Por unanimidad, la C\u00e1mara de Diputados sancion\u00f3 la ley de protecci\u00f3n de v\u00edctimas de<\/p>\n","protected":false},"author":4,"featured_media":2317,"comment_status":"open","ping_status":"open","sticky":false,"template":"","format":"standard","meta":{"om_disable_all_campaigns":false,"_monsterinsights_skip_tracking":false,"_monsterinsights_sitenote_active":false,"_monsterinsights_sitenote_note":"","_monsterinsights_sitenote_category":0},"categories":[9],"tags":[],"aioseo_notices":[],"jetpack_featured_media_url":"https:\/\/defiendase.com\/wp-content\/uploads\/2023\/02\/vicport.gif","post_mailing_queue_ids":[],"_links":{"self":[{"href":"https:\/\/defiendase.com\/index.php\/wp-json\/wp\/v2\/posts\/2313"}],"collection":[{"href":"https:\/\/defiendase.com\/index.php\/wp-json\/wp\/v2\/posts"}],"about":[{"href":"https:\/\/defiendase.com\/index.php\/wp-json\/wp\/v2\/types\/post"}],"author":[{"embeddable":true,"href":"https:\/\/defiendase.com\/index.php\/wp-json\/wp\/v2\/users\/4"}],"replies":[{"embeddable":true,"href":"https:\/\/defiendase.com\/index.php\/wp-json\/wp\/v2\/comments?post=2313"}],"version-history":[{"count":1,"href":"https:\/\/defiendase.com\/index.php\/wp-json\/wp\/v2\/posts\/2313\/revisions"}],"predecessor-version":[{"id":2318,"href":"https:\/\/defiendase.com\/index.php\/wp-json\/wp\/v2\/posts\/2313\/revisions\/2318"}],"wp:featuredmedia":[{"embeddable":true,"href":"https:\/\/defiendase.com\/index.php\/wp-json\/wp\/v2\/media\/2317"}],"wp:attachment":[{"href":"https:\/\/defiendase.com\/index.php\/wp-json\/wp\/v2\/media?parent=2313"}],"wp:term":[{"taxonomy":"category","embeddable":true,"href":"https:\/\/defiendase.com\/index.php\/wp-json\/wp\/v2\/categories?post=2313"},{"taxonomy":"post_tag","embeddable":true,"href":"https:\/\/defiendase.com\/index.php\/wp-json\/wp\/v2\/tags?post=2313"}],"curies":[{"name":"wp","href":"https:\/\/api.w.org\/{rel}","templated":true}]}}