{"id":2307,"date":"2017-05-01T21:25:00","date_gmt":"2017-05-01T21:25:00","guid":{"rendered":"http:\/\/defiendase.impulsatuidea.com\/?p=2307"},"modified":"2023-02-08T21:26:54","modified_gmt":"2023-02-08T21:26:54","slug":"longchamps-tierra-de-nadie","status":"publish","type":"post","link":"https:\/\/defiendase.com\/index.php\/longchamps-tierra-de-nadie\/","title":{"rendered":"Longchamps, tierra de nadie"},"content":{"rendered":"\n<h3>Esta localidad del sur del conurbano bonaerense era un lugar tranquilo hasta que, quienes deb\u00edan brindar seguridad, dejaron de hacerlo. Los vecinos se cansaron y denunciaron sus miedos en esta nota de Defiendase.com<\/h3>\n\n\n\n<p>Hace 9 a\u00f1os Adri\u00e1n se mud\u00f3 a Longchamps, una de las localidades del partido de Almirante Brown. Hace tres semanas, este barrio agradable y lejos del disturbio de la ciudad de Buenos Aires dejo de ser un lugar seguro para \u00e9l.&nbsp;<strong>\u0093Pens\u00e9 en irme de la provincia\u0094<\/strong>, confes\u00f3.<\/p>\n\n\n\n<p>\u0093Volviendo de mi trabajo, alrededor de las 10 de la noche, sufr\u00ed un secuestro. Me cruzaron un auto y bajaron cuatro personas armadas\u0094. Cuando vio la situaci\u00f3n, entreg\u00f3 las llaves de su coche y la billetera para que se vayan, pero le dejaron bastante claro que no era un robo, \u0093<strong>literalmente era un secuestro\u0094.<\/strong><\/p>\n\n\n\n<p>\u0093Me pasan de mi auto al que me cruzaron, ah\u00ed quedo enca\u00f1onado entre dos personas en la parte trasera.&nbsp;<strong>Les insist\u00ed de ir a los bancos para retirar dinero, pero esa no era su intensi\u00f3n<\/strong>, quer\u00edan entrar a mi casa en donde estaba mi esposa con mi hijo chiquito\u0094.<\/p>\n\n\n\n<figure class=\"wp-block-embed\"><div class=\"wp-block-embed__wrapper\">\n<iframe loading=\"lazy\" title=\"Longchamps, tierra de nadie - Defiendase.com\" width=\"640\" height=\"360\" src=\"https:\/\/www.youtube.com\/embed\/Wl24pAJJR9o?feature=oembed\" frameborder=\"0\" allow=\"accelerometer; autoplay; clipboard-write; encrypted-media; gyroscope; picture-in-picture; web-share\" allowfullscreen><\/iframe>\n<\/div><\/figure>\n\n\n\n<p>Finalmente pudo<strong>&nbsp;convencerlos de no entrar a su casa<\/strong>, pero de igual manera sufri\u00f3 el robo de casi todas sus cosas. Los delincuentes estacionaron el auto de \u00e9l en la vereda y obligaron a su esposa a que cargue todo en el veh\u00edculo.&nbsp;<strong>La amenaza fue muy grafica. En la calle, de la mano de enfrente estaban ellos enca\u00f1onando a Adri\u00e1n con dos armas en la cabeza<\/strong>.&nbsp;<\/p>\n\n\n\n<p>\u0093En el Barrio Los \u00c1lamos me preguntaron si mi auto ten\u00eda rastreador satelital, les dije que si. Me segu\u00edan golpeando por eso. Me dijeron que me baje, que no los mire y que me iban a estar apuntando. Ten\u00eda que caminar hasta mi auto e irme.&nbsp;<strong>Ese fue el momento m\u00e1s dif\u00edcil de mi vida, esperaba otro final\u0094.<\/strong><\/p>\n\n\n\n<p>Adri\u00e1n nos cont\u00f3 tambi\u00e9n que estas cosas lo dejaron con miedo y con tristeza. Todav\u00eda no sabe si se quiere quedar a vivir ah\u00ed. \u0093Me qued\u00f3 una bronca muy grande tambi\u00e9n porque uno trabaja todo el verano para poder irse de vacaciones o darse un gustito, y esas cosas se fueron con el robo\u0094.<\/p>\n\n\n\n<figure class=\"wp-block-image\"><img src=\"https:\/\/www.defiendase.com\/media\/file\/PLANO-LONGCHAMPS.gif\" alt=\"\"\/><\/figure>\n\n\n\n<p>Pero Adri\u00e1n y su familia no son los \u00fanicos que sienten miedo. Todas las ma\u00f1anas Mercedes se toma el tren Roca para ir a trabajar al centro de la Ciudad de Buenos Aires. Uno de los \u00faltimos feriados, cuando iba a almorzar con amigos, dos delincuentes en una moto la arrinconaron con un arma en la puerta de su casa para robarle.<\/p>\n\n\n\n<p>\u0093Mientras se iban me apuntaban y me mostraban la cartera. Mis vecinos llamaron a la polic\u00eda&nbsp;<strong>y por supuesto no vinieron\u0094<\/strong>, relat\u00f3. El testimonio de ella se repite. Son vecinos que, lamentablemente ya se acostumbraron a esta triste y horrible situaci\u00f3n.<\/p>\n\n\n\n<p>Mercedes nos cont\u00f3 algo verdaderamente incre\u00edble: \u0093cuando hice la denuncia me dijeron que lo mejor que pod\u00edamos hacer los vecinos era&nbsp;<strong>hacer la mayor cantidad de denuncias posibles para conseguir el respaldo policial,<\/strong>&nbsp;<strong>y que no me contactara con el 911 porque estaban colapsados\u0094<\/strong>.<\/p>\n\n\n\n<figure class=\"wp-block-embed is-type-rich is-provider-gestor-del-servicio wp-block-embed-gestor-del-servicio wp-embed-aspect-16-9 wp-has-aspect-ratio\"><div class=\"wp-block-embed__wrapper\">\n<iframe loading=\"lazy\" title=\"Longchamps, tierra de nadie - Defiendase.com II\" width=\"640\" height=\"360\" src=\"https:\/\/www.youtube.com\/embed\/5tx4oneqzn0?feature=oembed\" frameborder=\"0\" allow=\"accelerometer; autoplay; clipboard-write; encrypted-media; gyroscope; picture-in-picture; web-share\" allowfullscreen><\/iframe>\n<\/div><\/figure>\n\n\n\n<p>Pero lo m\u00e1s sorprendente le pas\u00f3 a Gast\u00f3n cuando fue a denunciar su robo.&nbsp;<strong>\u0093Tuve que esperar a que el Bailando por un Sue\u00f1o fuera al corte para que el oficial de turno me reciba<\/strong>\u0094.&nbsp;<\/p>\n\n\n\n<p>A \u00e9l le robaron tambi\u00e9n una noche volviendo del trabajo. \u0093Un d\u00eda de lluvia, dos muchachos que ven\u00edan en direcci\u00f3n contraria a la m\u00eda y con las luces de las motos apagadas, me asaltan. Estaban muy exaltados, me tiraron al piso para patearme y se llevaron mis cosas\u0094.<\/p>\n\n\n\n<p>\u0093Escuchar las historias de mis vecinos, es revivir lo que le pas\u00f3 a uno.&nbsp;<strong>Nadie le pone un freno a esta situaci\u00f3n y es muy llamativo que los delincuentes se muevan con tanta libertad.<\/strong>&nbsp;Cuando las cosas suceden la polic\u00eda est\u00e1 ausente\u0094.<\/p>\n\n\n\n<figure class=\"wp-block-image\"><img src=\"https:\/\/www.defiendase.com\/media\/file\/PROVINCIA-DE-BUENOS-AIRES.gif\" alt=\"\"\/><\/figure>\n\n\n\n<p>Los comentarios y las creencias de los afectados son varios. Uno de ellos es que los delincuentes que roban en Longchamps vienen del partido vecino, Lomas de Zamora. En este lugar se hicieron en 2016,&nbsp;<strong>64 denuncias por secuestros extorsivos<\/strong>&nbsp;(fuente UFESE).<\/p>\n\n\n\n<p>La&nbsp;<strong>tasa de homicidios es de 16,39% cada 100 mil habitantes<\/strong>, seg\u00fan un relevamiento de la Procuraci\u00f3n General de la Provincia, mientras que en la provincia de Buenos Aires hay&nbsp;<strong>30 robos por hora.<\/strong><\/p>\n\n\n\n<p>A su vez, los vecinos dan a entender que los polic\u00edas avalan lo que sucede. \u0093Uno piensa que cuando patrullan en algo est\u00e1n. Para nosotros hay un prop\u00f3sito detr\u00e1s de eso.<strong>&nbsp;\u00bfEst\u00e1n viendo que no pase nada y cuidando a la vecina que sale a comprar, o est\u00e1n haciendo otra cosa?<\/strong>\u0094<\/p>\n\n\n\n<figure class=\"wp-block-embed\"><div class=\"wp-block-embed__wrapper\">\n<iframe loading=\"lazy\" title=\"Longchamps, tierra de nadie - Defiendase.com III\" width=\"640\" height=\"360\" src=\"https:\/\/www.youtube.com\/embed\/qZIRBDiRIgM?feature=oembed\" frameborder=\"0\" allow=\"accelerometer; autoplay; clipboard-write; encrypted-media; gyroscope; picture-in-picture; web-share\" allowfullscreen><\/iframe>\n<\/div><\/figure>\n\n\n\n<p>Marcela y Gabriela son vecinas del Barrio Ferroviario en la misma localidad. Ambas son madres y tienen miedo cuando salen ellas o sus hijos a la calle. \u0093Hace 47 a\u00f1os que vivo en Longchamps y estos \u00faltimos a\u00f1os hay una notoria inseguridad. Dos delincuentes le robaron a mi hija y a su amiga cuando iban para la escuela.&nbsp;<strong>El que iba atr\u00e1s en la moto les apunta y les roban los celulares y las mochilas. Esto es una constante<\/strong>\u0094.<\/p>\n\n\n\n<p>El m\u00e9todo se repite. A Marcela le pusieron el arma en la cintura y enseguida ella entreg\u00f3 la cartera. Gabriela cont\u00f3 que a ella le robaron dos en moto, \u0093uno se baj\u00f3, agarr\u00f3 a mi hija, me apunt\u00f3 a mi y dispar\u00f3 al aire\u0094.&nbsp;<\/p>\n\n\n\n<p>A ambas victimas les tomaron la denuncia, pero la respuesta fue la misma,&nbsp;<strong>que hab\u00eda un solo patrullero para ese barrio, para Santa Rita y Rayo de Sol.<\/strong><\/p>\n\n\n\n<figure class=\"wp-block-image\"><img src=\"https:\/\/www.defiendase.com\/media\/file\/IMAGEN-PATRULLERO-BARRIOS.gif\" alt=\"\"\/><\/figure>\n\n\n\n<p>Hace unas semanas los vecinos se cansaron y decidieron llamar a los medios para hacer p\u00fablica la situaci\u00f3n. A las 8 de la ma\u00f1ana m\u00e1s de 20 personas contaron lo triste que es hoy es vivir en un barrio que fue tranquilo toda la vida. Ese mismo d\u00eda a la tarde, la provincia de Buenos Aires desplaz\u00f3 al jefe de la comisar\u00eda 4ta de Almirante Brown, Roberto Leiva e iniciaron una intervenci\u00f3n por parte de asuntos internos, por la cantidad de denuncias hechas.<\/p>\n\n\n\n<p>Pocos d\u00edas despu\u00e9s, el subsecretario de seguridad de la provincia se contact\u00f3 con ellos. El mi\u00e9rcoles pasado, se reuni\u00f3 con los vecinos y les prometi\u00f3 m\u00e1s c\u00e1maras de seguridad, m\u00e1s iluminaci\u00f3n y una poda preventiva de los \u00e1rboles de la zona, que ya se est\u00e1 realizando.&nbsp;<\/p>\n\n\n\n<p>Durante mucho tiempo estas personas se acostumbraron a vivir as\u00ed. Pusieron alarmas vecinales, c\u00e1maras propias y seguridad privada, algo que no ten\u00edan porqu\u00e9 hacer. Solo piden sentirse cuidados por la polic\u00eda de su barrio. A ellos se los priv\u00f3 del derecho a la seguridad, hasta que se cansaron.<\/p>\n","protected":false},"excerpt":{"rendered":"<p>Esta localidad del sur del conurbano bonaerense era un lugar tranquilo hasta que, quienes deb\u00edan<\/p>\n","protected":false},"author":4,"featured_media":2311,"comment_status":"open","ping_status":"open","sticky":false,"template":"","format":"standard","meta":{"om_disable_all_campaigns":false,"_monsterinsights_skip_tracking":false,"_monsterinsights_sitenote_active":false,"_monsterinsights_sitenote_note":"","_monsterinsights_sitenote_category":0},"categories":[9],"tags":[],"aioseo_notices":[],"jetpack_featured_media_url":"https:\/\/defiendase.com\/wp-content\/uploads\/2023\/02\/lonchan.gif","post_mailing_queue_ids":[],"_links":{"self":[{"href":"https:\/\/defiendase.com\/index.php\/wp-json\/wp\/v2\/posts\/2307"}],"collection":[{"href":"https:\/\/defiendase.com\/index.php\/wp-json\/wp\/v2\/posts"}],"about":[{"href":"https:\/\/defiendase.com\/index.php\/wp-json\/wp\/v2\/types\/post"}],"author":[{"embeddable":true,"href":"https:\/\/defiendase.com\/index.php\/wp-json\/wp\/v2\/users\/4"}],"replies":[{"embeddable":true,"href":"https:\/\/defiendase.com\/index.php\/wp-json\/wp\/v2\/comments?post=2307"}],"version-history":[{"count":1,"href":"https:\/\/defiendase.com\/index.php\/wp-json\/wp\/v2\/posts\/2307\/revisions"}],"predecessor-version":[{"id":2312,"href":"https:\/\/defiendase.com\/index.php\/wp-json\/wp\/v2\/posts\/2307\/revisions\/2312"}],"wp:featuredmedia":[{"embeddable":true,"href":"https:\/\/defiendase.com\/index.php\/wp-json\/wp\/v2\/media\/2311"}],"wp:attachment":[{"href":"https:\/\/defiendase.com\/index.php\/wp-json\/wp\/v2\/media?parent=2307"}],"wp:term":[{"taxonomy":"category","embeddable":true,"href":"https:\/\/defiendase.com\/index.php\/wp-json\/wp\/v2\/categories?post=2307"},{"taxonomy":"post_tag","embeddable":true,"href":"https:\/\/defiendase.com\/index.php\/wp-json\/wp\/v2\/tags?post=2307"}],"curies":[{"name":"wp","href":"https:\/\/api.w.org\/{rel}","templated":true}]}}