{"id":2297,"date":"2017-03-21T21:23:00","date_gmt":"2017-03-21T21:23:00","guid":{"rendered":"http:\/\/defiendase.impulsatuidea.com\/?p=2297"},"modified":"2023-02-08T21:24:18","modified_gmt":"2023-02-08T21:24:18","slug":"grassi-pedofilo","status":"publish","type":"post","link":"https:\/\/defiendase.com\/index.php\/grassi-pedofilo\/","title":{"rendered":"Grassi ped\u00f3filo"},"content":{"rendered":"\n<h3>Luego de m\u00e1s de 15 a\u00f1os de proceso judicial, el padre Julio C\u00e9sar Grassi fue declarado culpable de abuso sexual y corrupci\u00f3n de menores por la Corte Suprema de Justicia. Defi\u00e9ndase entrevist\u00f3 en exclusiva al abogado de las v\u00edctimas, Juan Pablo Gallego.&nbsp;<\/h3>\n\n\n\n<p>La Corte Suprema de Justicia de la Naci\u00f3n confirm\u00f3 la condena por abuso sexual agravado y corrupci\u00f3n de menores de forma un\u00e1nime, en relaci\u00f3n a los hechos cometidos por el sacerdote Julio C\u00e9sar Grassi.<\/p>\n\n\n\n<p>Defiendase entrevist\u00f3 en exclusiva al abogado querellante en la causa, Juan Pablo Gallego, quien explic\u00f3 que Grassi no tiene m\u00e1s recursos judiciales a su disposici\u00f3n, y tendr\u00e1 que purgar quince a\u00f1os de prisi\u00f3n por sus hechos aberrantes, sin otra posibilidad de que este fallo vuelva a ser revisado.<\/p>\n\n\n\n<figure class=\"wp-block-embed is-type-rich is-provider-gestor-del-servicio wp-block-embed-gestor-del-servicio wp-embed-aspect-16-9 wp-has-aspect-ratio\"><div class=\"wp-block-embed__wrapper\">\n<iframe loading=\"lazy\" title=\"Gallego sobre la condena definitiva para Grassi - Defiendase.com\" width=\"640\" height=\"360\" src=\"https:\/\/www.youtube.com\/embed\/gincMAjdp3k?feature=oembed\" frameborder=\"0\" allow=\"accelerometer; autoplay; clipboard-write; encrypted-media; gyroscope; picture-in-picture; web-share\" allowfullscreen><\/iframe>\n<\/div><\/figure>\n\n\n\n<p>El abogado especialista en derecho del ni\u00f1o se\u00f1al\u00f3 adem\u00e1s que ahora solamente deber\u00e1 cumplir la condena de forma efectiva como corresponde a un delincuente sexual. Para Gallego, el cura no puede recibir ning\u00fan beneficio porque quienes cometen estos delitos vuelven a hacerlo al salir anticipadamente de prisi\u00f3n.<\/p>\n\n\n\n<p>En 2009 el Tribunal en lo Criminal N\u00b0 1 de Mor\u00f3n conden\u00f3 a Grassi a 15 a\u00f1os de prisi\u00f3n por abuso sexual de menores, con el agravante de que era sacerdote y encargado de la educaci\u00f3n y guarda de las v\u00edctimas, pero el cura reci\u00e9n fue privado de la libertad en septiembre de 2013.<\/p>\n\n\n\n<p>\u00abHoy arribamos a la sentencia definitiva despu\u00e9s de 15 a\u00f1os de trabajo y vamos a velar porque la condena se cumpla en su totalidad\u00bb, reiter\u00f3 Gallego<\/p>\n\n\n\n<p>La condena no incluye todos los hechos y testimonios de las v\u00edctimas por el miedo que ten\u00edan. Gallego recuerda que solo fueron tres los j\u00f3venes que se presentaron con valent\u00eda a denunciar a un poderoso. Grassi era una persona que sol\u00eda aparecer rodeado de figuras muy influyentes, asegur\u00f3 el abogado.<\/p>\n\n\n\n<p>A fines de la d\u00e9cada del 90, una vez concluido el gobierno del presidente Carlos Menem, el sacerdote se acerc\u00f3 a An\u00edbal Ibarra y a Cecilia Felgueras. Estos pol\u00edticos pasaron las Pascuas en su fundaci\u00f3n en plena campa\u00f1a electoral porte\u00f1a.<br><br><img alt=\"\" src=\"https:\/\/www.defiendase.com\/media\/file\/Grassi%20y%20politicos.jpg\"><\/p>\n\n\n\n<p>Poco despu\u00e9s, frente a la falta de respuestas econ\u00f3micas por parte del gobierno de De La R\u00faa, el cura conoci\u00f3 a su nuevo benefactor monetario: el entonces gobernador de la Provincia de Buenos Aires, Carlos Ruckauf.<\/p>\n\n\n\n<p>En la entrevista con Defiendase, Gallego adem\u00e1s sentenci\u00f3 que en principio, el sacerdote deber\u00eda seguir detenido en el Penal 41 de Campana porque cuenta con la seguridad necesaria para contener a un delincuente de esta naturaleza.<\/p>\n\n\n\n<p><em><strong>El otro interrogante?<\/strong><\/em><\/p>\n\n\n\n<p>En las pr\u00f3ximas horas tal vez conozcamos la decisi\u00f3n de la Iglesia. Podr\u00e1 ser reducido a laico conforme a los protocolos vigentes, dado que en este caso la sentencia es definitiva e irrecurrible.<\/p>\n\n\n\n<p><em><strong>Con los chicos, no.<br><\/strong><\/em><\/p>\n\n\n\n<p>En octubre del a\u00f1o 2002, el programa Telenoche Investiga mostr\u00f3 a tres j\u00f3venes con sus rostros cubiertos denunciando los abusos del cura en la Fundaci\u00f3n Felices los Ni\u00f1os. En noviembre, Grassi es procesado por abuso sexual agravado y ordenan la \u00ablibertad morigerada\u00bb con la prohibici\u00f3n de acercarse a la Fundaci\u00f3n.<\/p>\n\n\n\n<p>En 2003, \u00abEzequiel\u00bb uno de los chicos denunciantes retract\u00f3 su acusaci\u00f3n. En mayo de ese a\u00f1o, el abogado de Grassi, Miguel Pierri, queda detenido por presionar al menor. En octubre elevan la causa a juicio oral. En 2005, tras haber intentado promover un juicio por jurados sin \u00e9xito, el sacerdote accede a efectuarse una pericia psicol\u00f3gica ante un juzgado de la provincia de Santa Cruz, ya que all\u00ed otros de los ni\u00f1os, con seud\u00f3nimo \u00abLuis\u00bb, lo acusa de abuso durante un viaje a El Calafate.<\/p>\n\n\n\n<p>Esa pericia, la \u00fanica que hizo Grassi en todo el proceso, da como resultado que el sacerdote ten\u00eda \u00abindicadores similares del perfil psicol\u00f3gico de un delincuente sexual\u00bb.<\/p>\n\n\n\n<p>El 1 de julio de 2008, el juez Carlos Navarte de Santa Cruz procesa al cura por abuso sexual y en agosto comienza el juicio oral de la causa madre de Mor\u00f3n. El 10 de junio de 2009 finaliza el proceso. El Tribunal conden\u00f3 al cura a 15 a\u00f1os de c\u00e1rcel por tres hechos denunciados por \u00abGabriel\u00bb, y lo absuelve por los otros 14 hechos contra \u00abEzequiel\u00bb y \u00abLuis\u00bb.&nbsp;<\/p>\n","protected":false},"excerpt":{"rendered":"<p>Luego de m\u00e1s de 15 a\u00f1os de proceso judicial, el padre Julio C\u00e9sar Grassi fue<\/p>\n","protected":false},"author":4,"featured_media":2299,"comment_status":"open","ping_status":"open","sticky":false,"template":"","format":"standard","meta":{"om_disable_all_campaigns":false,"_monsterinsights_skip_tracking":false,"_monsterinsights_sitenote_active":false,"_monsterinsights_sitenote_note":"","_monsterinsights_sitenote_category":0},"categories":[9],"tags":[],"aioseo_notices":[],"jetpack_featured_media_url":"https:\/\/defiendase.com\/wp-content\/uploads\/2023\/02\/Grassi2.jpg","post_mailing_queue_ids":[],"_links":{"self":[{"href":"https:\/\/defiendase.com\/index.php\/wp-json\/wp\/v2\/posts\/2297"}],"collection":[{"href":"https:\/\/defiendase.com\/index.php\/wp-json\/wp\/v2\/posts"}],"about":[{"href":"https:\/\/defiendase.com\/index.php\/wp-json\/wp\/v2\/types\/post"}],"author":[{"embeddable":true,"href":"https:\/\/defiendase.com\/index.php\/wp-json\/wp\/v2\/users\/4"}],"replies":[{"embeddable":true,"href":"https:\/\/defiendase.com\/index.php\/wp-json\/wp\/v2\/comments?post=2297"}],"version-history":[{"count":1,"href":"https:\/\/defiendase.com\/index.php\/wp-json\/wp\/v2\/posts\/2297\/revisions"}],"predecessor-version":[{"id":2300,"href":"https:\/\/defiendase.com\/index.php\/wp-json\/wp\/v2\/posts\/2297\/revisions\/2300"}],"wp:featuredmedia":[{"embeddable":true,"href":"https:\/\/defiendase.com\/index.php\/wp-json\/wp\/v2\/media\/2299"}],"wp:attachment":[{"href":"https:\/\/defiendase.com\/index.php\/wp-json\/wp\/v2\/media?parent=2297"}],"wp:term":[{"taxonomy":"category","embeddable":true,"href":"https:\/\/defiendase.com\/index.php\/wp-json\/wp\/v2\/categories?post=2297"},{"taxonomy":"post_tag","embeddable":true,"href":"https:\/\/defiendase.com\/index.php\/wp-json\/wp\/v2\/tags?post=2297"}],"curies":[{"name":"wp","href":"https:\/\/api.w.org\/{rel}","templated":true}]}}