{"id":2281,"date":"2016-12-24T21:16:00","date_gmt":"2016-12-24T21:16:00","guid":{"rendered":"http:\/\/defiendase.impulsatuidea.com\/?p=2281"},"modified":"2023-02-08T21:18:07","modified_gmt":"2023-02-08T21:18:07","slug":"in-fraganti-marche-preso","status":"publish","type":"post","link":"https:\/\/defiendase.com\/index.php\/in-fraganti-marche-preso\/","title":{"rendered":"\u00bfIn fraganti? \u00a1Marche preso!"},"content":{"rendered":"\n<h3>La nueva presidenta de la Asociaci\u00f3n de Magistrados habl\u00f3 con Defiendase de la flagrancia, una figura legal que apunta a condenar de manera r\u00e1pida a los delincuentes que son atrapados en el momento en el que est\u00e1n cometiendo un delito. Las dificultades en su implementaci\u00f3n es la pol\u00e9mica que hoy se debe resolver.<\/h3>\n\n\n\n<p>La Asociaci\u00f3n de Magistrados y Funcionarios de la Justicia Nacional realiz\u00f3 un brindis de fin de a\u00f1o con motivo de presentar a su nueva autoridad. La jueza Mar\u00eda Lilia G\u00f3mez Alonso de D\u00edaz Cordero, es la primera mujer en 88 a\u00f1os en presidir esta organizaci\u00f3n.<\/p>\n\n\n\n<p>Defiendase dialog\u00f3 con ella acerca de la<strong>&nbsp;ley de Flagrancia<\/strong>, el nuevo sistema que busca juzgar con mayor celeridad a los delincuentes aprehendidos en el momento de cometer el delito, es decir, encontrados \u0093in fraganti\u0094.<\/p>\n\n\n\n<figure class=\"wp-block-embed is-type-rich is-provider-gestor-del-servicio wp-block-embed-gestor-del-servicio wp-embed-aspect-16-9 wp-has-aspect-ratio\"><div class=\"wp-block-embed__wrapper\">\n<iframe loading=\"lazy\" title=\"Dra  Gomez Alonso - Defiendase.com\" width=\"640\" height=\"360\" src=\"https:\/\/www.youtube.com\/embed\/HjL2d3n3BhA?feature=oembed\" frameborder=\"0\" allow=\"accelerometer; autoplay; clipboard-write; encrypted-media; gyroscope; picture-in-picture; web-share\" allowfullscreen><\/iframe>\n<\/div><\/figure>\n\n\n\n<p>El tema de la Flagrancia es una soluci\u00f3n muy buena que trae la ley, pero tenemos algunas inquietudes respecto a la puesta en marcha. Creemos que hay algunas necesidades, tanto de elementos materiales como de funcionarios que tienen que ser revisados para que esta ley de los frutos que todos esperamos. Lo peor que puede pasar es que una ley no se cumpla, dijo la Dra. G\u00f3mez Alonso.<\/p>\n\n\n\n<p>A su vez, el juez y miembro del Consejo de la Magistratura de la Naci\u00f3n, Luis Mar\u00eda Cabral nos explic\u00f3 que este sistema permitir\u00eda gran celeridad, y record\u00f3 que en los primeros tres d\u00edas se dictaron m\u00e1s de cuatro condenas. \u0093Esto demuestra que el sistema es bueno, pero el problema no es si es bueno, si no que tiene que ser satisfecho con los requerimientos de todo orden que se necesitan para que realmente funcionen bien para la garant\u00eda de v\u00edctimas y procesados\u0094, explic\u00f3.<\/p>\n\n\n\n<figure class=\"wp-block-embed is-type-rich is-provider-gestor-del-servicio wp-block-embed-gestor-del-servicio wp-embed-aspect-16-9 wp-has-aspect-ratio\"><div class=\"wp-block-embed__wrapper\">\n<iframe loading=\"lazy\" title=\"Luis Mar\u00eda Cabral - Defiendase.com\" width=\"640\" height=\"360\" src=\"https:\/\/www.youtube.com\/embed\/llw1vebwY1M?feature=oembed\" frameborder=\"0\" allow=\"accelerometer; autoplay; clipboard-write; encrypted-media; gyroscope; picture-in-picture; web-share\" allowfullscreen><\/iframe>\n<\/div><\/figure>\n\n\n\n<p>El Dr. Cabral explic\u00f3 tambi\u00e9n que el caso de flagrancia ha quedado en una implementaci\u00f3n dificultosa y limitada por el motivo de que se ha hecho apresuradamente y sin contar con los adecuados recursos edilicios y humanos. \u0093Sus normas todav\u00eda merecen muchas observaciones para su funcionamiento porque no solamente afecta adentro de la justicia, sino tambi\u00e9n a los servicios de seguridad y penitenciarios que deben trasladar a los detenidos\u0094<\/p>\n\n\n\n<p>El fiscal general de la C\u00e1mara del Crimen, Ricardo S\u00e1enz tambi\u00e9n habl\u00f3 con nosotros de este tema y afirm\u00f3 que se est\u00e1n generando algunos problemas en la implementaci\u00f3n diaria que tienen que ver principalmente con el alojamiento de los detenidos.<\/p>\n\n\n\n<figure class=\"wp-block-embed is-type-rich is-provider-gestor-del-servicio wp-block-embed-gestor-del-servicio wp-embed-aspect-16-9 wp-has-aspect-ratio\"><div class=\"wp-block-embed__wrapper\">\n<iframe loading=\"lazy\" title=\"Ricardo S\u00e1enz - Defiendase.com\" width=\"640\" height=\"360\" src=\"https:\/\/www.youtube.com\/embed\/FQ5YTRUAFoc?feature=oembed\" frameborder=\"0\" allow=\"accelerometer; autoplay; clipboard-write; encrypted-media; gyroscope; picture-in-picture; web-share\" allowfullscreen><\/iframe>\n<\/div><\/figure>\n\n\n\n<p>Respecto a la intervenci\u00f3n que hace el Ministerio P\u00fablico Fiscal, S\u00e1enz asegur\u00f3 que \u0093hay una cuesti\u00f3n muy clara que, en cuanto para la flagrancia como para los juicios unipersonales, en donde los tribunales orales empiezan a actuar de juez, evidentemente la representaci\u00f3n de las fiscal\u00edas no alcanza\u0094. Por este motivo la Procuradora General de la Naci\u00f3n, Alejandra Gils Carb\u00f3 firm\u00f3 una resoluci\u00f3n que autoriza a los fiscales generales a designar a uno de sus secretarios como fiscales auxiliares.&nbsp;<\/p>\n\n\n\n<p>El Dr. S\u00e1enz finaliz\u00f3 diciendo que con esta figura prevista en la nueva Ley Org\u00e1nica esperan duplicar la representaci\u00f3n de los fiscales en la justicia.<\/p>\n","protected":false},"excerpt":{"rendered":"<p>La nueva presidenta de la Asociaci\u00f3n de Magistrados habl\u00f3 con Defiendase de la flagrancia, una<\/p>\n","protected":false},"author":4,"featured_media":2285,"comment_status":"open","ping_status":"open","sticky":false,"template":"","format":"standard","meta":{"om_disable_all_campaigns":false,"_monsterinsights_skip_tracking":false,"_monsterinsights_sitenote_active":false,"_monsterinsights_sitenote_note":"","_monsterinsights_sitenote_category":0},"categories":[9],"tags":[],"aioseo_notices":[],"jetpack_featured_media_url":"https:\/\/defiendase.com\/wp-content\/uploads\/2023\/02\/flagrancia.gif","post_mailing_queue_ids":[],"_links":{"self":[{"href":"https:\/\/defiendase.com\/index.php\/wp-json\/wp\/v2\/posts\/2281"}],"collection":[{"href":"https:\/\/defiendase.com\/index.php\/wp-json\/wp\/v2\/posts"}],"about":[{"href":"https:\/\/defiendase.com\/index.php\/wp-json\/wp\/v2\/types\/post"}],"author":[{"embeddable":true,"href":"https:\/\/defiendase.com\/index.php\/wp-json\/wp\/v2\/users\/4"}],"replies":[{"embeddable":true,"href":"https:\/\/defiendase.com\/index.php\/wp-json\/wp\/v2\/comments?post=2281"}],"version-history":[{"count":1,"href":"https:\/\/defiendase.com\/index.php\/wp-json\/wp\/v2\/posts\/2281\/revisions"}],"predecessor-version":[{"id":2286,"href":"https:\/\/defiendase.com\/index.php\/wp-json\/wp\/v2\/posts\/2281\/revisions\/2286"}],"wp:featuredmedia":[{"embeddable":true,"href":"https:\/\/defiendase.com\/index.php\/wp-json\/wp\/v2\/media\/2285"}],"wp:attachment":[{"href":"https:\/\/defiendase.com\/index.php\/wp-json\/wp\/v2\/media?parent=2281"}],"wp:term":[{"taxonomy":"category","embeddable":true,"href":"https:\/\/defiendase.com\/index.php\/wp-json\/wp\/v2\/categories?post=2281"},{"taxonomy":"post_tag","embeddable":true,"href":"https:\/\/defiendase.com\/index.php\/wp-json\/wp\/v2\/tags?post=2281"}],"curies":[{"name":"wp","href":"https:\/\/api.w.org\/{rel}","templated":true}]}}