{"id":2276,"date":"2016-11-11T21:13:00","date_gmt":"2016-11-11T21:13:00","guid":{"rendered":"http:\/\/defiendase.impulsatuidea.com\/?p=2276"},"modified":"2023-02-08T21:16:20","modified_gmt":"2023-02-08T21:16:20","slug":"8-muertos-cada-dia-por-el-uso-de-armas","status":"publish","type":"post","link":"https:\/\/defiendase.com\/index.php\/8-muertos-cada-dia-por-el-uso-de-armas\/","title":{"rendered":"8 muertos cada d\u00eda por el uso de armas"},"content":{"rendered":"\n<h3>Y sigue sin ser reglamentada la ley que dar\u00eda origen a la ANMAC, el organismo de control de armas de fuego. Contradicciones, idas y vueltas y una situaci\u00f3n que tiene que cambiar por el bien de todos.<\/h3>\n\n\n\n<p>En octubre del 2015, en plena campa\u00f1a electoral todos los partidos pol\u00edticos aprobaron en el Congreso la ley 27.192. Con esta norma se le da un nuevo marco institucional a lo que era el Registro Nacional de Armas (RENAR). Hasta entonces las pol\u00edticas respecto a las armas ven\u00edan condicionadas por una organizaci\u00f3n concebida como un registro y no como un organismo de control.&nbsp;<\/p>\n\n\n\n<p>La ley constituye ademas un nuevo organismo, la Agencia Nacional de Materiales Controlados (ANMAC) y tiene como fin dotar de recursos, capacidades y facultades para que las funciones de control tengan una preponderancia mayor a solo ser un registro. ?El registro es necesario pero a los fines de un control?, nos detall\u00f3 la investigadora y vicepresidenta del Instituto Latinoamericano de Seguridad y Democracia (ILSED), Sidonie Porterie.<\/p>\n\n\n\n<p>?Lo llamativo ahora es que la ley no se reglament\u00f3 y que no se dio ning\u00fan paso despu\u00e9s de un a\u00f1o. El gobierno anterior no hizo nada y este tampoco?, se\u00f1al\u00f3 la investigadora.<\/p>\n\n\n\n<figure class=\"wp-block-embed is-type-rich is-provider-gestor-del-servicio wp-block-embed-gestor-del-servicio wp-embed-aspect-16-9 wp-has-aspect-ratio\"><div class=\"wp-block-embed__wrapper\">\n<iframe loading=\"lazy\" title=\"Una programa \u00fatil olvidado - Defiendase.com Parte 1\" width=\"640\" height=\"360\" src=\"https:\/\/www.youtube.com\/embed\/SX-eUzneNsY?feature=oembed\" frameborder=\"0\" allow=\"accelerometer; autoplay; clipboard-write; encrypted-media; gyroscope; picture-in-picture; web-share\" allowfullscreen><\/iframe>\n<\/div><\/figure>\n\n\n\n<p><strong>Del ?registro? al ?control?,&nbsp;las principales claves de la ley<\/strong><\/p>\n\n\n\n<p>En primer lugar se busca dotar al organismo de presupuesto propio. Antes ten\u00edamos un organismo que estaba financiado a trav\u00e9s de un sistema llamado ?Ente Cooperador?. Esto quiere decir que el financiamiento se daba por el otorgamiento de autorizaciones para la compra de armas, tenencias, comercializaci\u00f3n, importaci\u00f3n y exportaci\u00f3n. Esto, en t\u00e9rminos de organizaci\u00f3n del financiamiento significaba que s\u00ed el organismo quer\u00eda tener una pol\u00edtica m\u00e1s restrictiva respecto a la venta y a las autorizaciones del uso de armas empezaba a comprometer su supervivencia, es decir, que hasta los propios sueldos estaban comprometidos si se adoptaba una medida m\u00e1s estricta en t\u00e9rminos de control. Con lo cual hab\u00eda como unas condiciones estructurales permisivas hacia la venta y la proliferaci\u00f3n de armas, explic\u00f3 Porterie.<\/p>\n\n\n\n<p>Un segundo punto de la Ley ten\u00eda que ver con pasar el personal del organismo a personal del Estado. Hasta ahora, los 500 empleados actualmente eran empleados del Ente Cooperador. O&nbsp;sea que ten\u00edamos empleados privados cumpliendo funciones de registraci\u00f3n y control.&nbsp;<\/p>\n\n\n\n<p><strong>Un caso emblem\u00e1tico<\/strong><\/p>\n\n\n\n<p>En 2006, el tirador de Belgrano produjo la muerte de Alfredo Marcenac. Qui\u00e9n dispar\u00f3 era un leg\u00edtimo usuario, y el personal del RENAR que intervino en su autorizaci\u00f3n alegaron que no respond\u00edan como funcionarios p\u00fablicos porque en realidad eran de un organismo privado como el del Ente Cooperador, record\u00f3.<\/p>\n\n\n\n<p>La situaci\u00f3n hasta ese momento era particularmente conflictiva y contradictoria. El Ente Cooperador en el caso del RENAR estaba administrado por la&nbsp;<strong>Asociaci\u00f3n de Comerciantes y Fabricantes de Armas<\/strong>, \u00f3sea que los que eran sujetos de control ten\u00edan el poder de administraci\u00f3n sobre el organismo con competencia para el registro y el control. El tercer punto tiene que ver con esto, que se finalice con el sistema del Ente Cooperador y sacar a esta Asociaci\u00f3n.&nbsp;<\/p>\n\n\n\n<p>Para sorpresa de las organizaciones que formamos la red, el Ministerio de Justicia firm\u00f3 un nuevo convenio bajo el mismo r\u00e9gimen de Ente Cooperador con la Asociaci\u00f3n de Concesionarios de Autos. Con lo cual, superamos la cuesti\u00f3n de conflicto de inter\u00e9s que era una situaci\u00f3n que urg\u00eda pero se estableci\u00f3 un nuevo convenio y el personal del RENAR no pas\u00f3 a ser empleado p\u00fablico y para sorpresa nuestra este acuerdo se firma por seis a\u00f1os, expres\u00f3 la vicepresidenta del ILSED.<\/p>\n\n\n\n<p><strong>\u00bfC\u00f3mo afecta esto a la gente?<\/strong><\/p>\n\n\n\n<p>La disposici\u00f3n de armas incrementa los niveles de letalidad, sobre todo en una sociedad que sufre los problemas de la violencia.<\/p>\n\n\n\n<p>?Creo que tener un organismo sin capacidad para un control efectivo sobre la producci\u00f3n, importaci\u00f3n y tambi\u00e9n sobre las autorizaciones para portar armas implica que hay un descontrol sobre un factor que incide altamente en los niveles de violencia?, dijo la especialista. El organismo hasta el a\u00f1o pasado contaba con una planta de inspectores que no superaba las 20 personas para controlar la totalidad de las plantas industriales del pa\u00eds, los establecimientos de comercializaci\u00f3n y ademas a los usuarios ya que muchos son coleccionistas y tienen gran cantidad de armas.&nbsp;<\/p>\n\n\n\n<figure class=\"wp-block-embed is-type-rich is-provider-gestor-del-servicio wp-block-embed-gestor-del-servicio wp-embed-aspect-16-9 wp-has-aspect-ratio\"><div class=\"wp-block-embed__wrapper\">\n<iframe loading=\"lazy\" title=\"Una programa \u00fatil olvidado -  Defiendase com Parte 2\" width=\"640\" height=\"360\" src=\"https:\/\/www.youtube.com\/embed\/5YHySFuCNsU?feature=oembed\" frameborder=\"0\" allow=\"accelerometer; autoplay; clipboard-write; encrypted-media; gyroscope; picture-in-picture; web-share\" allowfullscreen><\/iframe>\n<\/div><\/figure>\n\n\n\n<p><strong>\u00bfY de cuanto es la partida presupuestaria para la ANMAC?<\/strong><\/p>\n\n\n\n<p>No tiene. Nosotros esper\u00e1bamos que este organismo fuera incluido en el presupuesto del a\u00f1o que viene. La verdad es que no lo encontramos. Aparecen otros organismo de igual entidad pero no aparece la ANMAC. Con lo cual sumado al convenio establecido por el Ministerio de Justicia con ACARA por seis a\u00f1os confirma la impresi\u00f3n y la idea de que la implementaci\u00f3n no va a ser algo que ocurra en lo inmediato. Se est\u00e1 pasando por alto una ley votada por los legisladores y el compromiso que se tom\u00f3 con la sociedad.&nbsp;<\/p>\n\n\n\n<p><strong>\u00bfY qu\u00e9 est\u00e1 pasando con el Programa de Entrega Voluntaria de Armas de Fuego?<\/strong><\/p>\n\n\n\n<p>El programa recogi\u00f3 durante su periodo de ejecuci\u00f3n m\u00e1s de 175 mil armas de fuego. Nosotros creemos que el n\u00famero hubiera sido mayor si se hubiera comunicado mejor el proyecto. Se necesit\u00f3 ademas una mayor capacidad de bocas de recepci\u00f3n.&nbsp;<\/p>\n\n\n\n<p>Surgi\u00f3 en el marco de una ley de emergencia y para su vigencia esta ley debe ser prorrogada. Ya fue prorrogada una vez y el a\u00f1o pasado cuando se sancion\u00f3 creaci\u00f3n de la ANMAC se dio media sanci\u00f3n a la pr\u00f3rroga del desarme, cont\u00f3 a Defi\u00e9ndase la investigadora.<\/p>\n\n\n\n<p>?Esa media sanci\u00f3n esperaba hasta hace poquito tiempo la otra media sancion por parte de Diputados. Ellos se tomaron m\u00e1s de la mitad del a\u00f1o para aprobarla con lo cual la pr\u00f3rroga, que ten\u00eda fecha de inicio el primero de enero de 2016 y ten\u00eda un plazo de dos a\u00f1os. Si se sanciona va a tener pocos meses de vigencia?.&nbsp;<\/p>\n\n\n\n<p><strong>Un dato duro<\/strong><\/p>\n\n\n\n<p>El Ministerio de Salud de la Naci\u00f3n inform\u00f3 que por d\u00eda hay ocho muertes por armas de fuego. Esto comprende situaciones de violencia, delictivas, accidentes dom\u00e9sticos y suicidios. En la mayor\u00eda de los casos de muerte violenta no son en ocasi\u00f3n de robo sino por conflictos interpersonales.&nbsp;<\/p>\n\n\n\n<p>Hay que entender que el problema de la violencia con armas trasciende el tema de la inseguridad. Otro dato dice que hay un arma cada 10 hogares en argentina, entonces hablar hoy de inseguridad y de violencia y desconocer estos conflictos es una burla, finaliz\u00f3 la especialista.<\/p>\n","protected":false},"excerpt":{"rendered":"<p>Y sigue sin ser reglamentada la ley que dar\u00eda origen a la ANMAC, el organismo<\/p>\n","protected":false},"author":4,"featured_media":2279,"comment_status":"open","ping_status":"open","sticky":false,"template":"","format":"standard","meta":{"om_disable_all_campaigns":false,"_monsterinsights_skip_tracking":false,"_monsterinsights_sitenote_active":false,"_monsterinsights_sitenote_note":"","_monsterinsights_sitenote_category":0},"categories":[9],"tags":[],"aioseo_notices":[],"jetpack_featured_media_url":"https:\/\/defiendase.com\/wp-content\/uploads\/2023\/02\/armas.jpg","post_mailing_queue_ids":[],"_links":{"self":[{"href":"https:\/\/defiendase.com\/index.php\/wp-json\/wp\/v2\/posts\/2276"}],"collection":[{"href":"https:\/\/defiendase.com\/index.php\/wp-json\/wp\/v2\/posts"}],"about":[{"href":"https:\/\/defiendase.com\/index.php\/wp-json\/wp\/v2\/types\/post"}],"author":[{"embeddable":true,"href":"https:\/\/defiendase.com\/index.php\/wp-json\/wp\/v2\/users\/4"}],"replies":[{"embeddable":true,"href":"https:\/\/defiendase.com\/index.php\/wp-json\/wp\/v2\/comments?post=2276"}],"version-history":[{"count":1,"href":"https:\/\/defiendase.com\/index.php\/wp-json\/wp\/v2\/posts\/2276\/revisions"}],"predecessor-version":[{"id":2280,"href":"https:\/\/defiendase.com\/index.php\/wp-json\/wp\/v2\/posts\/2276\/revisions\/2280"}],"wp:featuredmedia":[{"embeddable":true,"href":"https:\/\/defiendase.com\/index.php\/wp-json\/wp\/v2\/media\/2279"}],"wp:attachment":[{"href":"https:\/\/defiendase.com\/index.php\/wp-json\/wp\/v2\/media?parent=2276"}],"wp:term":[{"taxonomy":"category","embeddable":true,"href":"https:\/\/defiendase.com\/index.php\/wp-json\/wp\/v2\/categories?post=2276"},{"taxonomy":"post_tag","embeddable":true,"href":"https:\/\/defiendase.com\/index.php\/wp-json\/wp\/v2\/tags?post=2276"}],"curies":[{"name":"wp","href":"https:\/\/api.w.org\/{rel}","templated":true}]}}