{"id":2260,"date":"2016-06-22T21:00:00","date_gmt":"2016-06-22T21:00:00","guid":{"rendered":"http:\/\/defiendase.impulsatuidea.com\/?p=2260"},"modified":"2023-02-08T21:08:43","modified_gmt":"2023-02-08T21:08:43","slug":"el-taller-del-horror","status":"publish","type":"post","link":"https:\/\/defiendase.com\/index.php\/el-taller-del-horror\/","title":{"rendered":"El taller del horror"},"content":{"rendered":"\n<h3>La justicia conden\u00f3 a 13 a\u00f1os de prisi\u00f3n a los capataces del taller textil clandestino de Caballito que se incendi\u00f3 en 2006, donde murieron seis personas. Defi\u00e9ndase estuvo presente en el juicio. Hablamos con el fiscal y familiares de las v\u00edctimas.<\/h3>\n\n\n\n<p>Diez a\u00f1os despu\u00e9s de la tragedia ocurrida en el taller clandestino de la calle Luis Viale 1269, el Tribunal Oral Criminal N\u00b0 5 de Capital Federal, integrado por los jueces Rafael Oliden, F\u00e1tima Ruiz L\u00f3pez y Adri\u00e1n P\u00e9rez Lance, encontr\u00f3 culpables a Juan Manuel Correa y Luis Sillerico Condori, los encargados de manejar el taller en 2006.<\/p>\n\n\n\n<p>Los acusados deber\u00e1n cumplir la pena de 13 a\u00f1os de prisi\u00f3n por la muerte de Juana Vilca, de 25 a\u00f1os, que estaba embarazada, Wilfredo Quispe Mendoza, de 15, El\u00edas Carbajal Quispe de 10, Luis Quispe de 4, Rodrigo Quispe Carvajal de 4 y Harry Rodr\u00edguez de 3.<\/p>\n\n\n\n<p>El fiscal del caso, el Dr. Fabi\u00e1n Celiz habl\u00f3 con Defiendase y se\u00f1al\u00f3 que se consigui\u00f3 una buena resoluci\u00f3n. \u00abSe conden\u00f3 por mayor\u00eda a 13 a\u00f1os de prisi\u00f3n, asesor\u00edas legales y costas, y por la misma calificaci\u00f3n que yo solicit\u00e9 que fue la de estrago culposo en concurso ideal con reducci\u00f3n a servidumbre a quienes fueron los encargados de la f\u00e1brica\u00bb.<\/p>\n\n\n\n<figure class=\"wp-block-embed is-type-rich is-provider-gestor-del-servicio wp-block-embed-gestor-del-servicio wp-embed-aspect-16-9 wp-has-aspect-ratio\"><div class=\"wp-block-embed__wrapper\">\n<iframe loading=\"lazy\" title=\"Taller textil Luis Viale I - Fiscal Fabian Celiz\" width=\"640\" height=\"360\" src=\"https:\/\/www.youtube.com\/embed\/6XnGt78LvHI?feature=oembed\" frameborder=\"0\" allow=\"accelerometer; autoplay; clipboard-write; encrypted-media; gyroscope; picture-in-picture; web-share\" allowfullscreen><\/iframe>\n<\/div><\/figure>\n\n\n\n<p><strong>Los familiares hablaron de dos posibles imputados m\u00e1s, y el tribunal tambi\u00e9n.<\/strong><\/p>\n\n\n\n<p>Si. Nosotros solicitamos la extracci\u00f3n de testimonios para que se investigue la conducta de&nbsp;Geiler y Fischber que eran los propietarios de la f\u00e1brica y de la marca que tercerizaban este trabajo en la calle Luis Viale, y el tribunal hizo lugar as\u00ed que se los va a investigar tanto a ellos como a polic\u00edas y a funcionarios del Gobierno de la Ciudad que protegieron esta actividad delictiva.<\/p>\n\n\n\n<p><strong>\u00bfQu\u00e9 elementos encontraron durante la investigaci\u00f3n para determinar que hubo reducci\u00f3n a la servidumbre?<\/strong><\/p>\n\n\n\n<p>Hay ciertos indicadores que nos se\u00f1alan cuando se produce una reducci\u00f3n a la servidumbre, y que est\u00e1n volcados en una resoluci\u00f3n de la Procuraci\u00f3n General de la Naci\u00f3n del a\u00f1o 2011, la numero 46. Y en este caso primero se advirti\u00f3 el hacinamiento en donde viv\u00edan, en cuartos de un metro por un metro, explic\u00f3.&nbsp;<\/p>\n\n\n\n<p>All\u00ed viv\u00eda el matrimonio con sus hijos, en algunos casos con dos o tres. Los cuartos eran separados por telas, lo cual imped\u00eda tener alguna intimidad. No hab\u00eda constancia de que hubiera matafuegos o alg\u00fan otro sistema para poder evacuar ante un posible incendio. Y todos viv\u00edan en el mismo taller, en el predio de Luis Viale 1271.<\/p>\n\n\n\n<p>Ademas Celiz explic\u00f3 que tambi\u00e9n se les prometi\u00f3 un salario cada dos o tres meses, pero nunca se cumpli\u00f3. Los fines de semana les daban unos vales para poder comer de 50 pesos.&nbsp;<\/p>\n\n\n\n<p><strong>Luis vivi\u00f3 y trabaj\u00f3 en el taller. Se salv\u00f3, pero perdi\u00f3 a su hijo.<\/strong><\/p>\n\n\n\n<p>Harry, su hijo ten\u00eda 3 a\u00f1os cuando falleci\u00f3 en la textil de Caballito. Junto a su esposa se presentaron como querellantes en la causa penal. \u00abDurante estos 10 a\u00f1os hubo mucha pelea y mucho abandono de parte de la justicia\u00bb, se\u00f1al\u00f3.<\/p>\n\n\n\n<figure class=\"wp-block-embed is-type-rich is-provider-gestor-del-servicio wp-block-embed-gestor-del-servicio wp-embed-aspect-16-9 wp-has-aspect-ratio\"><div class=\"wp-block-embed__wrapper\">\n<iframe loading=\"lazy\" title=\"Taller textil Luis Viale II - Familiar de una de las victimas\" width=\"640\" height=\"360\" src=\"https:\/\/www.youtube.com\/embed\/RCTjE-y7Mio?feature=oembed\" frameborder=\"0\" allow=\"accelerometer; autoplay; clipboard-write; encrypted-media; gyroscope; picture-in-picture; web-share\" allowfullscreen><\/iframe>\n<\/div><\/figure>\n\n\n\n<p>Despu\u00e9s de la sentencia, en donde se ha llegado a sentenciar a Juan Manuel Correa y a Luis Sillerico Condor\u00ed, queremos llegar a los verdaderos responsables que son Daniel Fischber y Jaime Geiler, due\u00f1os de la marca, de la propiedad y de las habilitaciones que hab\u00edan hecho ah\u00ed en Luis Viale. Las habilitaciones eran para 5 m\u00e1quinas y no as\u00ed para las 67 personas que viv\u00edamos ah\u00ed.<\/p>\n\n\n\n<p>Estas personas deben hacerse responsables de todo lo que han cometido y por la muerte de las siete vidas que se han perdido, y en realidad son 7 porque la se\u00f1ora Juana Vilca, estaba esperando familia, dijo.<\/p>\n\n\n\n<p>El incendio ocurri\u00f3 por toda la precariedad de la instalaci\u00f3n el\u00e9ctrica, los cables estaban por el piso, por el techo y por las paredes. Por la gran cantidad de gente que viv\u00edamos ah\u00ed estaban por todos lados.&nbsp;<\/p>\n\n\n\n<p>Para las 67 personas solo hab\u00eda un ba\u00f1o. Para ducharse ten\u00edan agua fr\u00eda. Detall\u00f3 que la propiedad, de 230 metros cuadrados ten\u00eda las divisiones hechas con cart\u00f3n prensado o de telas, lo que intensific\u00f3 el fuego.<\/p>\n\n\n\n<p><strong>La definici\u00f3n m\u00e1s esperada<\/strong><\/p>\n\n\n\n<p>10 a\u00f1os despu\u00e9s, el tribunal conden\u00f3 a dos personas por las 7 muertes. Orden\u00f3 que tambi\u00e9n se investigue a otras dos, a varios polic\u00edas y a funcionarios de la Ciudad. Mientras tanto, estas familias reclaman, y seguir\u00e1n pidiendo porque&nbsp;<strong>nunca m\u00e1s haya muertes por explotaci\u00f3n.<\/strong><\/p>\n","protected":false},"excerpt":{"rendered":"<p>La justicia conden\u00f3 a 13 a\u00f1os de prisi\u00f3n a los capataces del taller textil clandestino<\/p>\n","protected":false},"author":4,"featured_media":2262,"comment_status":"open","ping_status":"open","sticky":false,"template":"","format":"standard","meta":{"om_disable_all_campaigns":false,"_monsterinsights_skip_tracking":false,"_monsterinsights_sitenote_active":false,"_monsterinsights_sitenote_note":"","_monsterinsights_sitenote_category":0},"categories":[9],"tags":[],"aioseo_notices":[],"jetpack_featured_media_url":"https:\/\/defiendase.com\/wp-content\/uploads\/2023\/02\/taller.gif","post_mailing_queue_ids":[],"_links":{"self":[{"href":"https:\/\/defiendase.com\/index.php\/wp-json\/wp\/v2\/posts\/2260"}],"collection":[{"href":"https:\/\/defiendase.com\/index.php\/wp-json\/wp\/v2\/posts"}],"about":[{"href":"https:\/\/defiendase.com\/index.php\/wp-json\/wp\/v2\/types\/post"}],"author":[{"embeddable":true,"href":"https:\/\/defiendase.com\/index.php\/wp-json\/wp\/v2\/users\/4"}],"replies":[{"embeddable":true,"href":"https:\/\/defiendase.com\/index.php\/wp-json\/wp\/v2\/comments?post=2260"}],"version-history":[{"count":2,"href":"https:\/\/defiendase.com\/index.php\/wp-json\/wp\/v2\/posts\/2260\/revisions"}],"predecessor-version":[{"id":2266,"href":"https:\/\/defiendase.com\/index.php\/wp-json\/wp\/v2\/posts\/2260\/revisions\/2266"}],"wp:featuredmedia":[{"embeddable":true,"href":"https:\/\/defiendase.com\/index.php\/wp-json\/wp\/v2\/media\/2262"}],"wp:attachment":[{"href":"https:\/\/defiendase.com\/index.php\/wp-json\/wp\/v2\/media?parent=2260"}],"wp:term":[{"taxonomy":"category","embeddable":true,"href":"https:\/\/defiendase.com\/index.php\/wp-json\/wp\/v2\/categories?post=2260"},{"taxonomy":"post_tag","embeddable":true,"href":"https:\/\/defiendase.com\/index.php\/wp-json\/wp\/v2\/tags?post=2260"}],"curies":[{"name":"wp","href":"https:\/\/api.w.org\/{rel}","templated":true}]}}