{"id":2214,"date":"2016-12-07T20:47:00","date_gmt":"2016-12-07T20:47:00","guid":{"rendered":"http:\/\/defiendase.impulsatuidea.com\/?p=2214"},"modified":"2023-02-08T20:49:49","modified_gmt":"2023-02-08T20:49:49","slug":"documentos-por-favor","status":"publish","type":"post","link":"https:\/\/defiendase.com\/index.php\/documentos-por-favor\/","title":{"rendered":"Documentos por favor&#8230;"},"content":{"rendered":"\n<h3>Lucas se neg\u00f3 a mostrarle el DNI a la polic\u00eda en un control de rutina. Por ese hecho su causa lleg\u00f3 hasta la Corte de la Ciudad. Mira en esta nota en qu\u00e9 casos estas obligado a mostrarlo.<\/h3>\n\n\n\n<p>En 2014, a ra\u00edz de distintos delitos en la estaci\u00f3n de trenes de Constituci\u00f3n, efectivos policiales comenzaron a pedir la identificaci\u00f3n de quienes pasaban por ah\u00ed. En el mes de abril de ese a\u00f1o, le pidieron el documento a Lucas pero se rehus\u00f3. Este hecho motiv\u00f3 una causa que lleg\u00f3 hasta la m\u00e1xima instancia judicial de la Ciudad.&nbsp;<\/p>\n\n\n\n<p><strong>Pero, \u00bfpuede la polic\u00eda pedirme el DNI?<\/strong><\/p>\n\n\n\n<p>S\u00ed. El Tribunal Superior de Justicia de la Ciudad afirm\u00f3 que la polic\u00eda tiene la facultad de pedir la documentaci\u00f3n para identificar a las personas.&nbsp;<\/p>\n\n\n\n<p>Con esta decisi\u00f3n de la Corte Porte\u00f1a se rechazan dos fallos de la justicia en lo Penal y Contravencional en donde se hab\u00eda anulado el operativo considerando que era nulo el procedimiento porque la polic\u00eda no se encuentra autorizada a ?impedir la libre circulaci\u00f3n y a exigir la exhibici\u00f3n de documentaci\u00f3n si no cuenta con un motivo v\u00e1lido para hacerlo?.<\/p>\n\n\n\n<p>In\u00e9s Weinberg, magistrada del tribunal detall\u00f3 que \u00abla polic\u00eda tiene entre sus funciones la de prevenir delitos\u00bb, y se refiri\u00f3 a la \u00abprevenci\u00f3n del delito a toda actividad de observaci\u00f3n y seguridad destinada a impedir la comisi\u00f3n de actos punibles\u00bb.<\/p>\n\n\n\n<p>El juez Luis Lozano sostuvo que \u00abla competencia para requerir el documento de identidad est\u00e1 impl\u00edcitamente reconocida a la Polic\u00eda Federal en la ley siempre que su ejercicio constituya una \u00b4actividad de seguridad\u00b4 (de prevenci\u00f3n del delito)\u00bb. Mientras que el juez Jos\u00e9 Cas\u00e1s, sostuvo que el fallo que anul\u00f3 el procedimiento \u00abparece haber partido de la equivocada equiparaci\u00f3n de la mera interceptaci\u00f3n de una persona en la v\u00eda p\u00fablica al solo efecto de solicitar su identificaci\u00f3n con su detenci\u00f3n o la eventual requisa de sus pertenencias\u00bb.<\/p>\n\n\n\n<p>En cuanto al fallo realizado por el Tribunal Supremo de Justicia de la Ciudad de Buenos Aires, la doctora Alicia Pierini, ex defensora del pueblo de la Capital Federal se\u00f1al\u00f3 que se est\u00e1 autorizando a las fuerzas policiales a pedir la documentaci\u00f3n. \u0093Pero hay que inscribirlo en el marco de los derechos fundamentales, no solamente los de la Constituci\u00f3n, sino tambi\u00e9n la normas del pacto de San Jos\u00e9 de Costa Rica\u0094.<\/p>\n\n\n\n<figure class=\"wp-block-embed is-type-rich is-provider-gestor-del-servicio wp-block-embed-gestor-del-servicio wp-embed-aspect-16-9 wp-has-aspect-ratio\"><div class=\"wp-block-embed__wrapper\">\n<iframe loading=\"lazy\" title=\"Dra. Alicia Pierini - Documentos por favor\" width=\"640\" height=\"360\" src=\"https:\/\/www.youtube.com\/embed\/sCkv02sg5Ak?feature=oembed\" frameborder=\"0\" allow=\"accelerometer; autoplay; clipboard-write; encrypted-media; gyroscope; picture-in-picture; web-share\" allowfullscreen><\/iframe>\n<\/div><\/figure>\n\n\n\n<p>\u0093La Constituci\u00f3n te dice claramente que hay libertad de expresi\u00f3n, libertades de tr\u00e1nsito, de locomoci\u00f3n, de entrar, salir y transitar en el territorio argentino\u0094 y agrega que \u0093para restringir esos derechos tiene que haber una causa, alguna raz\u00f3n o alg\u00fan acontecimiento que justifique la petici\u00f3n de la documentaci\u00f3n y eso lo dice el juzgado\u0094 se\u00f1al\u00f3 Pierini.<\/p>\n\n\n\n<p>\u0093No es que no se pueda pedir la identificaci\u00f3n, se puede pero debe haber una raz\u00f3n fundada\u0094, afirm\u00f3.<\/p>\n\n\n\n<p>Pierini aclara que \u0093si la polic\u00eda tiene que poner orden en la calle porque hay alg\u00fan conflicto, es esa la situaci\u00f3n de emergencia que le permitir\u00eda pedir la documentaci\u00f3n para ver quienes est\u00e1n armando la gresca\u0094 y explica que no tiene l\u00f3gica que la polic\u00eda le pida los documentos a la gente que est\u00e1 sentada en el banco de una plaza mirando los pajaritos.<\/p>\n\n\n\n<p>\u0093Los principios son de libertades absolutas e igualitarias pero cuando hay una raz\u00f3n de prevenci\u00f3n o de protecci\u00f3n por parte del Estado es l\u00edcito que la polic\u00eda pueda pedir documentos. Ac\u00e1 tenemos que tratar que las fuerzas policiales entiendan que para poder intervenir tienen que tener razones v\u00e1lidas para intervenir\u0094 detall\u00f3.&nbsp;<\/p>\n\n\n\n<figure class=\"wp-block-embed is-type-rich is-provider-gestor-del-servicio wp-block-embed-gestor-del-servicio wp-embed-aspect-16-9 wp-has-aspect-ratio\"><div class=\"wp-block-embed__wrapper\">\n<iframe loading=\"lazy\" title=\"Dra. Alicia Pierini - Documentos por favor II\" width=\"640\" height=\"360\" src=\"https:\/\/www.youtube.com\/embed\/ydkj9Q_CXBE?feature=oembed\" frameborder=\"0\" allow=\"accelerometer; autoplay; clipboard-write; encrypted-media; gyroscope; picture-in-picture; web-share\" allowfullscreen><\/iframe>\n<\/div><\/figure>\n\n\n\n<p><strong>\u00bfLa polic\u00eda me puede detener porque si?<\/strong><\/p>\n\n\n\n<p>No. Porque la detenci\u00f3n solo corresponde cuando hay razones fundadas y evidentes. De lo contrario no. La detenci\u00f3n solo puede ser por orden judicial y aun haciendo eso si no hay una raz\u00f3n l\u00f3gica y fundada se estar\u00eda violando la Constituci\u00f3n y el Pacto de San Jos\u00e9 de Costa Rica.<\/p>\n\n\n\n<p>Si un mantero grita que le est\u00e1n robando y dos personas salen corriendo con sus cosas ese es el momento en el que algo hay que hacer. Ahora, si el que esta al lado solo est\u00e1 mirando no debe ser molestado.<\/p>\n\n\n\n<p><strong>\u00bfEn qu\u00e9 casos la polic\u00eda puede revisar mi mochila o mi auto?<\/strong><\/p>\n\n\n\n<p>Estamos en las mismas condiciones. Solo en casos de necesidad. En el caso de la mochila es mas grave porque est\u00e1n los objetos personales de cada uno y tiene que ver con el derecho a la intimidad y el derecho a la privacidad. Tampoco corresponder\u00eda que te requisen el auto pero no puedo decir que ser\u00eda una violaci\u00f3n importante.&nbsp;<\/p>\n\n\n\n<p><strong>Soy menor de edad. \u00bfMe pueden detener?<\/strong><\/p>\n\n\n\n<p>No te pueden detener ni menor ni mayor. Ahora siendo menor menos todav\u00eda porque los menores son inimputables. Lo que no impide que se llame a la tutelar de menores para que se haga presente. Al menor no se lo detiene se lo debe proteger.<\/p>\n\n\n\n<p><strong>\u00bfQu\u00e9 debo hacer si creo que el polic\u00eda se est\u00e1 excediendo en sus tareas?<\/strong><\/p>\n\n\n\n<p>En el caso de un atropello importante o una falta de respeto grave debes tomar nota de su n\u00famero de chapa que lo identifica y lo denuncias ante un abogado, en la Defensor\u00eda del Pueblo o en alguna fiscal\u00eda. Los polic\u00edas tienen la obligaci\u00f3n de estar identificados.<\/p>\n","protected":false},"excerpt":{"rendered":"<p>Lucas se neg\u00f3 a mostrarle el DNI a la polic\u00eda en un control de rutina.<\/p>\n","protected":false},"author":4,"featured_media":2215,"comment_status":"open","ping_status":"open","sticky":false,"template":"","format":"standard","meta":{"om_disable_all_campaigns":false,"_monsterinsights_skip_tracking":false,"_monsterinsights_sitenote_active":false,"_monsterinsights_sitenote_note":"","_monsterinsights_sitenote_category":0},"categories":[9],"tags":[],"aioseo_notices":[],"jetpack_featured_media_url":"https:\/\/defiendase.com\/wp-content\/uploads\/2023\/02\/dnicana.gif","post_mailing_queue_ids":[],"_links":{"self":[{"href":"https:\/\/defiendase.com\/index.php\/wp-json\/wp\/v2\/posts\/2214"}],"collection":[{"href":"https:\/\/defiendase.com\/index.php\/wp-json\/wp\/v2\/posts"}],"about":[{"href":"https:\/\/defiendase.com\/index.php\/wp-json\/wp\/v2\/types\/post"}],"author":[{"embeddable":true,"href":"https:\/\/defiendase.com\/index.php\/wp-json\/wp\/v2\/users\/4"}],"replies":[{"embeddable":true,"href":"https:\/\/defiendase.com\/index.php\/wp-json\/wp\/v2\/comments?post=2214"}],"version-history":[{"count":1,"href":"https:\/\/defiendase.com\/index.php\/wp-json\/wp\/v2\/posts\/2214\/revisions"}],"predecessor-version":[{"id":2218,"href":"https:\/\/defiendase.com\/index.php\/wp-json\/wp\/v2\/posts\/2214\/revisions\/2218"}],"wp:featuredmedia":[{"embeddable":true,"href":"https:\/\/defiendase.com\/index.php\/wp-json\/wp\/v2\/media\/2215"}],"wp:attachment":[{"href":"https:\/\/defiendase.com\/index.php\/wp-json\/wp\/v2\/media?parent=2214"}],"wp:term":[{"taxonomy":"category","embeddable":true,"href":"https:\/\/defiendase.com\/index.php\/wp-json\/wp\/v2\/categories?post=2214"},{"taxonomy":"post_tag","embeddable":true,"href":"https:\/\/defiendase.com\/index.php\/wp-json\/wp\/v2\/tags?post=2214"}],"curies":[{"name":"wp","href":"https:\/\/api.w.org\/{rel}","templated":true}]}}