{"id":2209,"date":"2015-11-24T20:40:00","date_gmt":"2015-11-24T20:40:00","guid":{"rendered":"http:\/\/defiendase.impulsatuidea.com\/?p=2209"},"modified":"2023-02-08T20:46:59","modified_gmt":"2023-02-08T20:46:59","slug":"un-silencio-que-se-hace-escuchar","status":"publish","type":"post","link":"https:\/\/defiendase.com\/index.php\/un-silencio-que-se-hace-escuchar\/","title":{"rendered":"Un silencio que se hace escuchar"},"content":{"rendered":"\n<h3>Antena Negra TV es un canal de televisi\u00f3n comunitario cuyo objetivo principal es mostrar las luchas populares que no salen en los medios de comunicaci\u00f3n masivos. Pero un d\u00eda, alguien decidi\u00f3 callar esa voz&#8230;<\/h3>\n\n\n\n<p><strong>\u00bfQu\u00e9 pas\u00f3 el siete&nbsp;de septiembre?<\/strong><br>?Ese d\u00eda a las 10 de la ma\u00f1ana se presentaron 40 efectivos de la Polic\u00eda Federal con una orden de allanamiento, una de secuestro y una citaci\u00f3n a indagatoria para una causa penal que se labraba a mi nombre por una acusaci\u00f3n que nos hacia la empresa Prosegur diciendo que interrump\u00edamos sus comunicaciones?, se\u00f1al\u00f3 Mart\u00edn Sande, integrante de Antena Negra.<\/p>\n\n\n\n<figure class=\"wp-block-embed is-type-rich is-provider-gestor-del-servicio wp-block-embed-gestor-del-servicio wp-embed-aspect-16-9 wp-has-aspect-ratio\"><div class=\"wp-block-embed__wrapper\">\n<iframe loading=\"lazy\" title=\"El caso de Antena Negra TV en Defiendase com - Parte I\" width=\"640\" height=\"360\" src=\"https:\/\/www.youtube.com\/embed\/-4KSmzdD0jU?feature=oembed\" frameborder=\"0\" allow=\"accelerometer; autoplay; clipboard-write; encrypted-media; gyroscope; picture-in-picture; web-share\" allowfullscreen><\/iframe>\n<\/div><\/figure>\n\n\n\n<p>?Entraron los efectivos de la polic\u00eda con los miembros de la AFTIC y el operativo habr\u00e1 durado alrededor de seis horas. En la puerta del edificio hab\u00eda un cord\u00f3n policial bien grande.Hab\u00eda dos camiones de infanter\u00eda?. Agreg\u00f3 Antonella Benedetti, miembro de Antena Negra.&nbsp;<\/p>\n\n\n\n<p>La causa que se nos arma es por el uso de la se\u00f1al n\u00famero 20. Prosegur plantea que es de ellos pero es un derecho que no tienen porque ese espacio radioel\u00e9ctrico es de uso exclusivo de Televisi\u00f3n Digital. Ellos plantean que tienen un permiso del a\u00f1o 1998 entregado provisoriamente para utilizar mientras no sea utilizado por el uso primario de ese servicio que es televisi\u00f3n. Ese permiso puede caducar en cualquier momento, que caduc\u00f3 cuando se hizo la distribuci\u00f3n del espectro t\u00e9cnico para TV Digital, detalla Sande.&nbsp;<br><br><img alt=\"\" src=\"https:\/\/www.defiendase.com\/media\/file\/Antena-3.gif\"><\/p>\n\n\n\n<p><strong>\u00bfQui\u00e9n autoriz\u00f3 el allanamiento?<\/strong><br>La orden judicial fue labrada por el Juzgado Criminal y Correccional n\u00famero 8 del juez Marcelo Mart\u00ednez de Giorgi. El magistrado consult\u00f3 al AFSCA, despu\u00e9s al AFTIC y m\u00e1s tarde volvi\u00f3 a consultar al AFSCA. All\u00ed se les pidi\u00f3 que opinen sobre Antena Negra TV y ellos dicen que nosotros somos un canal legal pero que no tenemos el derecho de transmitir porque no se nos adjudic\u00f3 la licencia. Lo que omiten decir es que nosotros solicitamos la licencia y que ellos nunca llamaron a concurso en la Ciudad de Buenos Aires para licenciatario operador en algo que nos corresponde plenamente a todo el sector comunitario.&nbsp;<\/p>\n\n\n\n<figure class=\"wp-block-embed is-type-rich is-provider-gestor-del-servicio wp-block-embed-gestor-del-servicio wp-embed-aspect-16-9 wp-has-aspect-ratio\"><div class=\"wp-block-embed__wrapper\">\n<iframe loading=\"lazy\" title=\"El caso de Antena Negra TV en Defiendase com - Parte II\" width=\"640\" height=\"360\" src=\"https:\/\/www.youtube.com\/embed\/7OOrqb8mGi0?feature=oembed\" frameborder=\"0\" allow=\"accelerometer; autoplay; clipboard-write; encrypted-media; gyroscope; picture-in-picture; web-share\" allowfullscreen><\/iframe>\n<\/div><\/figure>\n\n\n\n<p><strong>\u00bfQu\u00e9 pas\u00f3 en el operativo?<\/strong><br>Cuando vinieron a secuestrar los equipos rompieron gran parte del canal como las puertas del estudio y del control, dijo Benedetti.<\/p>\n\n\n\n<p>Nos llevaron los equipos de transmisi\u00f3n digital. Esos equipos nos los devolvieron parcialmente con la condici\u00f3n de no afectar la situaci\u00f3n procesal y estamos a la espera de que esta causa penal se solucione, especific\u00f3 Sande.&nbsp;<br><br><img alt=\"\" src=\"https:\/\/www.defiendase.com\/media\/file\/antena-1.gif\"><\/p>\n\n\n\n<p><strong>\u00bfCual es la situaci\u00f3n judicial de Antena Negra ahora?<\/strong><br>Tenemos una resoluci\u00f3n del juez que nos dice que esto no es un delito ni un problema penal. Ademas Martinez de Giorgi dice que la Autoridad Federal de Servicios de Comunicaci\u00f3n Audiovisual debe resolver la contradicci\u00f3n del uso del espectro. Tambi\u00e9n el juzgado reconoce que somos un canal de televisi\u00f3n que funcionamos desde el a\u00f1o 2009. En torno a esto la querella apelo la resoluci\u00f3n del juez y suponemos que los primeros d\u00edas de Diciembre seremos convocados a la C\u00e1mara Penal para que se dicte sentencia firme o se le d\u00e9 la raz\u00f3n a la apelaci\u00f3n de la querella y continuara en un proceso penal.<\/p>\n","protected":false},"excerpt":{"rendered":"<p>Antena Negra TV es un canal de televisi\u00f3n comunitario cuyo objetivo principal es mostrar las<\/p>\n","protected":false},"author":4,"featured_media":2210,"comment_status":"open","ping_status":"open","sticky":false,"template":"","format":"standard","meta":{"om_disable_all_campaigns":false,"_monsterinsights_skip_tracking":false,"_monsterinsights_sitenote_active":false,"_monsterinsights_sitenote_note":"","_monsterinsights_sitenote_category":0},"categories":[9],"tags":[],"aioseo_notices":[],"jetpack_featured_media_url":"https:\/\/defiendase.com\/wp-content\/uploads\/2023\/02\/Antena-2.gif","post_mailing_queue_ids":[],"_links":{"self":[{"href":"https:\/\/defiendase.com\/index.php\/wp-json\/wp\/v2\/posts\/2209"}],"collection":[{"href":"https:\/\/defiendase.com\/index.php\/wp-json\/wp\/v2\/posts"}],"about":[{"href":"https:\/\/defiendase.com\/index.php\/wp-json\/wp\/v2\/types\/post"}],"author":[{"embeddable":true,"href":"https:\/\/defiendase.com\/index.php\/wp-json\/wp\/v2\/users\/4"}],"replies":[{"embeddable":true,"href":"https:\/\/defiendase.com\/index.php\/wp-json\/wp\/v2\/comments?post=2209"}],"version-history":[{"count":1,"href":"https:\/\/defiendase.com\/index.php\/wp-json\/wp\/v2\/posts\/2209\/revisions"}],"predecessor-version":[{"id":2213,"href":"https:\/\/defiendase.com\/index.php\/wp-json\/wp\/v2\/posts\/2209\/revisions\/2213"}],"wp:featuredmedia":[{"embeddable":true,"href":"https:\/\/defiendase.com\/index.php\/wp-json\/wp\/v2\/media\/2210"}],"wp:attachment":[{"href":"https:\/\/defiendase.com\/index.php\/wp-json\/wp\/v2\/media?parent=2209"}],"wp:term":[{"taxonomy":"category","embeddable":true,"href":"https:\/\/defiendase.com\/index.php\/wp-json\/wp\/v2\/categories?post=2209"},{"taxonomy":"post_tag","embeddable":true,"href":"https:\/\/defiendase.com\/index.php\/wp-json\/wp\/v2\/tags?post=2209"}],"curies":[{"name":"wp","href":"https:\/\/api.w.org\/{rel}","templated":true}]}}