{"id":2009,"date":"2018-09-25T21:49:00","date_gmt":"2018-09-25T21:49:00","guid":{"rendered":"http:\/\/defiendase.impulsatuidea.com\/?p=2009"},"modified":"2023-02-06T21:50:56","modified_gmt":"2023-02-06T21:50:56","slug":"jubilacion-cajoneada","status":"publish","type":"post","link":"https:\/\/defiendase.com\/index.php\/jubilacion-cajoneada\/","title":{"rendered":"Jubilaci\u00f3n cajoneada"},"content":{"rendered":"\n<h3>En la Provincia de Buenos Aires algunos empleados p\u00fablicos tienen que esperar mucho tiempo para conseguir su jubilaci\u00f3n. \u00bfPor qu\u00e9 tarda tanto? En esta nota, todos los detalles<\/h3>\n\n\n\n<p>Susana Napolitano trabaj\u00f3 durante m\u00e1s de treinta a\u00f1os en la administraci\u00f3n p\u00fablica de la Provincia de Buenos Aires.&nbsp;<strong>El 31 de enero de este a\u00f1o fue su \u00faltimo d\u00eda, se quiso jubilar y dej\u00f3 de ir a la oficina&nbsp;<\/strong>al cumplir 35 a\u00f1os de trabajo.<\/p>\n\n\n\n<p>A ella le corresponde una&nbsp;<strong>jubilaci\u00f3n ordinaria<\/strong>&nbsp;compuesta por los haberes de ciertos a\u00f1os en el Poder Ejecutivo, algunos otros del Legislativo y al cumplimentar sus tres d\u00e9cadas y cinco a\u00f1os mediante la ANSES como trabajadora aut\u00f3noma.&nbsp;<\/p>\n\n\n\n<figure class=\"wp-block-embed is-type-rich is-provider-gestor-del-servicio wp-block-embed-gestor-del-servicio wp-embed-aspect-16-9 wp-has-aspect-ratio\"><div class=\"wp-block-embed__wrapper\">\n<iframe loading=\"lazy\" title=\"Jubilaciones atrasadas - Defiendase.com\" width=\"640\" height=\"360\" src=\"https:\/\/www.youtube.com\/embed\/f5OVeFyjc58?feature=oembed\" frameborder=\"0\" allow=\"accelerometer; autoplay; clipboard-write; encrypted-media; gyroscope; picture-in-picture; web-share\" allowfullscreen><\/iframe>\n<\/div><\/figure>\n\n\n\n<p>\u0093El&nbsp;<strong>primero de febrero<\/strong>&nbsp;yo ya sent\u00ed que estaba jubilada. Dej\u00e9 de ir a mi lugar de trabajo, pero hasta que no tuve el acto administrativo del cese de actividades, no pude iniciar mis tramites\u0094, detall\u00f3 Susana, y explica que reci\u00e9n los pudo realizar el&nbsp;<strong>9 de mayo,&nbsp;<\/strong>siendo&nbsp;el&nbsp;<strong>22 de junio<\/strong>&nbsp;el d\u00eda en el que expediente ingres\u00f3 al Instituto de Previsi\u00f3n Social (IPS) de La Plata.&nbsp;<strong>A\u00fan est\u00e1 sin moverse<\/strong>.<\/p>\n\n\n\n<figure class=\"wp-block-image\"><img src=\"https:\/\/www.defiendase.com\/media\/file\/jubicajo1.gif\" alt=\"\"\/><\/figure>\n\n\n\n<p>El&nbsp;<strong>9 de agosto<\/strong>&nbsp;present\u00f3 una nota pidiendo un&nbsp;<strong>\u0093Pronto Despacho\u0094<\/strong>&nbsp;para que el tr\u00e1mite avance, pero esa solicitud reci\u00e9n se junt\u00f3 con el expediente madre el&nbsp;<strong>30 de ese mismo mes.&nbsp;<\/strong><\/p>\n\n\n\n<p>Antes de presentar el \u0093Pronto despacho\u0094 Susana fue a la oficina del IPS y simplemente le dijeron que sus papeles segu\u00edan en el mismo lugar. Entonces pregunt\u00f3 si pod\u00eda hablar con alguien y le dieron la opci\u00f3n de dejar una nota con la solicitud para que el expediente avance. \u0093<strong>El dialogo es inexistente, no me dejaron pasar. No pude hablar con nadie.&nbsp;<\/strong>Es una barbaridad que no te dejen entrar a las oficinas\u0094.<\/p>\n\n\n\n<figure class=\"wp-block-image\"><img src=\"https:\/\/www.defiendase.com\/media\/file\/jubicajo2.gif\" alt=\"\"\/><\/figure>\n\n\n\n<p>Susana detalla que con las \u0093jubilaciones ordinarias\u0094, el abuelo pr\u00f3ximo a jubilarse percibe un anticipo mensual del 60% del \u00faltimo sueldo, pero no cuenta ni con aumentos, ni con aguinaldos.&nbsp;<strong>\u0093Aqu\u00ed tenemos un problema porque este retiro tarda entre dos y tres a\u00f1os en salir<\/strong>,<strong>&nbsp;lo que significa que qui\u00e9n se va de la actividad cobrar\u00e1 durante ese tiempo la misma cantidad de dinero, y el precio de las cosas sube\u0094.<\/strong><\/p>\n\n\n\n<p><strong>\u00bfQu\u00e9 pasa con su anticipo jubilatorio?<\/strong><\/p>\n\n\n\n<p>\u0093Nunca lo he cobrado en tiempo y forma. No tengo un d\u00eda espec\u00edfico\u0094. A principios de&nbsp;<strong>septiembre<\/strong>&nbsp;le depositaron el anticipo del mes de&nbsp;<strong>julio<\/strong>. En&nbsp;<strong>mayo<\/strong>&nbsp;cobr\u00f3 los pagos de&nbsp;<strong>febrero<\/strong>&nbsp;y&nbsp;<strong>marzo<\/strong>. El deposito de&nbsp;<strong>mayo<\/strong>&nbsp;lo recibi\u00f3 en&nbsp;<strong>junio<\/strong>&nbsp;y el de&nbsp;<strong>abril<\/strong>&nbsp;se lo hicieron en&nbsp;<strong>julio<\/strong>. Todav\u00eda sin novedades del pago de&nbsp;<strong>agosto<\/strong>.<\/p>\n\n\n\n<p>A Defi\u00e9ndase le aseguran que nada tiene que ver la&nbsp;<strong>Asesor\u00eda General de Gobierno<\/strong>, perteneciente a la Secretar\u00eda de Legal y T\u00e9cnica de la Provincia, que es d\u00f3nde Susana trabaj\u00f3, entonces es un error del Instituto de Previsi\u00f3n Social.<\/p>\n\n\n\n<p>\u0093Lo que espero que se solucione r\u00e1pido. Me gustar\u00eda que a la gente no la tengan ni maltratada, ni ninguneada. No hay necesidad de eso.&nbsp;<strong>Una persona no puede cobrar una miseria durante casi tres a\u00f1os<\/strong>\u0094, a\u00f1adi\u00f3.<\/p>\n","protected":false},"excerpt":{"rendered":"<p>En la Provincia de Buenos Aires algunos empleados p\u00fablicos tienen que esperar mucho tiempo para<\/p>\n","protected":false},"author":4,"featured_media":2011,"comment_status":"open","ping_status":"open","sticky":false,"template":"","format":"standard","meta":{"om_disable_all_campaigns":false,"_monsterinsights_skip_tracking":false,"_monsterinsights_sitenote_active":false,"_monsterinsights_sitenote_note":"","_monsterinsights_sitenote_category":0},"categories":[8],"tags":[],"aioseo_notices":[],"jetpack_featured_media_url":"https:\/\/defiendase.com\/wp-content\/uploads\/2023\/02\/jubicajon.gif","post_mailing_queue_ids":[],"_links":{"self":[{"href":"https:\/\/defiendase.com\/index.php\/wp-json\/wp\/v2\/posts\/2009"}],"collection":[{"href":"https:\/\/defiendase.com\/index.php\/wp-json\/wp\/v2\/posts"}],"about":[{"href":"https:\/\/defiendase.com\/index.php\/wp-json\/wp\/v2\/types\/post"}],"author":[{"embeddable":true,"href":"https:\/\/defiendase.com\/index.php\/wp-json\/wp\/v2\/users\/4"}],"replies":[{"embeddable":true,"href":"https:\/\/defiendase.com\/index.php\/wp-json\/wp\/v2\/comments?post=2009"}],"version-history":[{"count":1,"href":"https:\/\/defiendase.com\/index.php\/wp-json\/wp\/v2\/posts\/2009\/revisions"}],"predecessor-version":[{"id":2012,"href":"https:\/\/defiendase.com\/index.php\/wp-json\/wp\/v2\/posts\/2009\/revisions\/2012"}],"wp:featuredmedia":[{"embeddable":true,"href":"https:\/\/defiendase.com\/index.php\/wp-json\/wp\/v2\/media\/2011"}],"wp:attachment":[{"href":"https:\/\/defiendase.com\/index.php\/wp-json\/wp\/v2\/media?parent=2009"}],"wp:term":[{"taxonomy":"category","embeddable":true,"href":"https:\/\/defiendase.com\/index.php\/wp-json\/wp\/v2\/categories?post=2009"},{"taxonomy":"post_tag","embeddable":true,"href":"https:\/\/defiendase.com\/index.php\/wp-json\/wp\/v2\/tags?post=2009"}],"curies":[{"name":"wp","href":"https:\/\/api.w.org\/{rel}","templated":true}]}}