{"id":2000,"date":"2018-01-29T21:44:00","date_gmt":"2018-01-29T21:44:00","guid":{"rendered":"http:\/\/defiendase.impulsatuidea.com\/?p=2000"},"modified":"2023-02-06T21:46:27","modified_gmt":"2023-02-06T21:46:27","slug":"5-millones-en-negro","status":"publish","type":"post","link":"https:\/\/defiendase.com\/index.php\/5-millones-en-negro\/","title":{"rendered":"5 millones en negro"},"content":{"rendered":"\n<h3>En Argentina sigue creciendo el empleo no registrado y los n\u00fameros empiezan a preocupar. En esta nota, las claves para saber qu\u00e9 hacer si est\u00e1s en esta situaci\u00f3n.<\/h3>\n\n\n\n<p>Un nuevo informe del&nbsp;<strong>Indec<\/strong>&nbsp;revel\u00f3 que en Argentina hay 20.518.000 de puestos de trabajo, sin embargo, uno de los datos m\u00e1s llamativos es que&nbsp;<strong>aument\u00f3 la cantidad de trabajadores no registrados.<\/strong><\/p>\n\n\n\n<p>Seg\u00fan el organismo oficial, hay un&nbsp;<strong>2,2% de puestos \u0093en negro\u0094 en el pa\u00eds, es decir, 4.938.000 personas.<\/strong>&nbsp;Defi\u00e9ndase entrevist\u00f3 a la Dra. Laura Lorizzo, abogada especialista en derecho laboral para responder la pregunta que Ernesto nos envi\u00f3: M<strong>e ofrecieron un trabajo en negro para poder cobrar m\u00e1s, \u00bfesto efectivamente es as\u00ed?<\/strong><\/p>\n\n\n\n<p>La especialista dijo que si, aunque si bien puede llegar a cobrar m\u00e1s dinero tendr\u00e1 menos beneficios.&nbsp;<strong>Un trabajo en negro implica no tener aportes a la seguridad social, no tener jubilaci\u00f3n, ni ART,&nbsp;<\/strong>y eso se convierte en un problema ante cualquier accidente que la persona pueda llegar a tener.<\/p>\n\n\n\n<figure class=\"wp-block-embed is-type-rich is-provider-gestor-del-servicio wp-block-embed-gestor-del-servicio wp-embed-aspect-16-9 wp-has-aspect-ratio\"><div class=\"wp-block-embed__wrapper\">\n<iframe loading=\"lazy\" title=\"Trabajo en negro - Defiendase.com I\" width=\"640\" height=\"360\" src=\"https:\/\/www.youtube.com\/embed\/TxnY-6_4j2w?feature=oembed\" frameborder=\"0\" allow=\"accelerometer; autoplay; clipboard-write; encrypted-media; gyroscope; picture-in-picture; web-share\" allowfullscreen><\/iframe>\n<\/div><\/figure>\n\n\n\n<p><strong>Estar en blanco significa estar en relaci\u00f3n de dependencia<\/strong>&nbsp;y agreg\u00f3 que eso ocurre cuando la persona va a trabajar a las sedes laborales asignadas por los empleadores en un determinado horario bajo las \u00f3rdenes tal vez de los supervisores y gerentes.<\/p>\n\n\n\n<p>En el caso de que a Ernesto lo tomen en blanco y m\u00e1s tardes sus jefes lo pongan en negro con o sin aviso,<strong>&nbsp;tiene la posibilidad de reclamar<\/strong>, y en primer lugar lo tiene que hacer ante su empleador, aclar\u00f3.<\/p>\n\n\n\n<figure class=\"wp-block-image\"><img src=\"https:\/\/www.defiendase.com\/media\/file\/PLACA-1-TRABAJO.gif\" alt=\"\"\/><\/figure>\n\n\n\n<p>Lo que cualquier persona en estas condiciones debe hacer es intimar a los due\u00f1os de la empresa o compa\u00f1\u00eda para que regularicen la situaci\u00f3n laboral. En el caso de que el patr\u00f3n no lo haga se puede llegar al juicio (tanto en los fueros de la Ciudad de Buenos Aires como en los de las provincias).&nbsp;<\/p>\n\n\n\n<p><strong>Multas para el empleador:<\/strong><\/p>\n\n\n\n<p>Lo que la Ley N\u00b0 23.013 establece es una sanci\u00f3n de tipo pecuniaria:&nbsp;<strong>\u0093el empleador que no registrare una relaci\u00f3n laboral abonar\u00e1 al trabajador afectado una indemnizaci\u00f3n equivalente a una cuarta parte de las remuneraciones devengadas desde el comienzo de la vinculaci\u00f3n, computadas a valores reajustados de acuerdo con la normativa vigente\u0094.<\/strong><\/p>\n\n\n\n<figure class=\"wp-block-embed is-type-rich is-provider-gestor-del-servicio wp-block-embed-gestor-del-servicio wp-embed-aspect-16-9 wp-has-aspect-ratio\"><div class=\"wp-block-embed__wrapper\">\n<iframe loading=\"lazy\" title=\"Trabajo en negro - Defiendase.com II\" width=\"640\" height=\"360\" src=\"https:\/\/www.youtube.com\/embed\/zsNnHG4pY98?feature=oembed\" frameborder=\"0\" allow=\"accelerometer; autoplay; clipboard-write; encrypted-media; gyroscope; picture-in-picture; web-share\" allowfullscreen><\/iframe>\n<\/div><\/figure>\n\n\n\n<p>Hay que recalcar tambi\u00e9n que, cuando al empleador se le env\u00eda este telegrama paralelamente deben remitirlo a la AFIP. De esta manera el organismo del Estado deber\u00e1 presentarse en la sede laboral e&nbsp;<strong>imponer una multa para regularizar la situaci\u00f3n.&nbsp;<\/strong><\/p>\n\n\n\n<p>El Ministerio de Trabajo ofrece varios canales para efectuar denuncias a los empleadores que mantienen a sus trabajadores en negro:<br><br>Las denuncias efectuadas pueden ser colectivas o individuales, existiendo la posibilidad, en este \u00faltimo caso, de hacerlo en forma an\u00f3nima.Las denuncias efectuadas pueden ser colectivas o individuales, existiendo la posibilidad, en este \u00faltimo caso, de hacerlo en forma an\u00f3nima.<br><br>Si usted esta padeciendo, se encuentra en situaciones de trabajo no registrado o desea realizar una denuncia por trabajo infantil y\/o adolescente irregular, comun\u00edquese con:<\/p>\n\n\n\n<p><strong>Email:<\/strong>&nbsp;<a href=\"mailto:denuncias@trabajo.gob.ar\">denuncias@trabajo.gob.ar<\/a><\/p>\n\n\n\n<p><strong>Telef\u00f3nicamente:<\/strong>&nbsp;0800-666-4100 (opci\u00f3n 1, luego opci\u00f3n 2, de lunes a viernes de 7 a 19 hs.)<\/p>\n\n\n\n<p>Si desea una orientaci\u00f3n sobre los temas en menci\u00f3n, comun\u00edquese con el Centro de Orientaci\u00f3n al Ciudadano:<\/p>\n\n\n\n<p><strong>Email:<\/strong>&nbsp;<a href=\"mailto:consultas@trabajo.gob.ar\">consultas@trabajo.gob.ar<\/a><\/p>\n\n\n\n<p><strong>Telef\u00f3nicamente:<\/strong>&nbsp;0800-666-4100 (opci\u00f3n 1 y luego opci\u00f3n 9 de 08 a 20 hs.)<\/p>\n","protected":false},"excerpt":{"rendered":"<p>En Argentina sigue creciendo el empleo no registrado y los n\u00fameros empiezan a preocupar. En<\/p>\n","protected":false},"author":4,"featured_media":2003,"comment_status":"open","ping_status":"open","sticky":false,"template":"","format":"standard","meta":{"om_disable_all_campaigns":false,"_monsterinsights_skip_tracking":false,"_monsterinsights_sitenote_active":false,"_monsterinsights_sitenote_note":"","_monsterinsights_sitenote_category":0},"categories":[8],"tags":[],"aioseo_notices":[],"jetpack_featured_media_url":"https:\/\/defiendase.com\/wp-content\/uploads\/2023\/02\/construccion.gif","post_mailing_queue_ids":[],"_links":{"self":[{"href":"https:\/\/defiendase.com\/index.php\/wp-json\/wp\/v2\/posts\/2000"}],"collection":[{"href":"https:\/\/defiendase.com\/index.php\/wp-json\/wp\/v2\/posts"}],"about":[{"href":"https:\/\/defiendase.com\/index.php\/wp-json\/wp\/v2\/types\/post"}],"author":[{"embeddable":true,"href":"https:\/\/defiendase.com\/index.php\/wp-json\/wp\/v2\/users\/4"}],"replies":[{"embeddable":true,"href":"https:\/\/defiendase.com\/index.php\/wp-json\/wp\/v2\/comments?post=2000"}],"version-history":[{"count":1,"href":"https:\/\/defiendase.com\/index.php\/wp-json\/wp\/v2\/posts\/2000\/revisions"}],"predecessor-version":[{"id":2004,"href":"https:\/\/defiendase.com\/index.php\/wp-json\/wp\/v2\/posts\/2000\/revisions\/2004"}],"wp:featuredmedia":[{"embeddable":true,"href":"https:\/\/defiendase.com\/index.php\/wp-json\/wp\/v2\/media\/2003"}],"wp:attachment":[{"href":"https:\/\/defiendase.com\/index.php\/wp-json\/wp\/v2\/media?parent=2000"}],"wp:term":[{"taxonomy":"category","embeddable":true,"href":"https:\/\/defiendase.com\/index.php\/wp-json\/wp\/v2\/categories?post=2000"},{"taxonomy":"post_tag","embeddable":true,"href":"https:\/\/defiendase.com\/index.php\/wp-json\/wp\/v2\/tags?post=2000"}],"curies":[{"name":"wp","href":"https:\/\/api.w.org\/{rel}","templated":true}]}}