{"id":1996,"date":"2017-12-31T21:42:00","date_gmt":"2017-12-31T21:42:00","guid":{"rendered":"http:\/\/defiendase.impulsatuidea.com\/?p=1996"},"modified":"2023-02-06T21:43:53","modified_gmt":"2023-02-06T21:43:53","slug":"art-hecha-la-ley","status":"publish","type":"post","link":"https:\/\/defiendase.com\/index.php\/art-hecha-la-ley\/","title":{"rendered":"ART: Hecha la ley&#8230;"},"content":{"rendered":"\n<h3>En la misma bolsa hay un decreto presidencial, los derechos de los trabajadores y la justicia. \u00bfEs constitucional la nueva normativa?<\/h3>\n\n\n\n<p>A poco de que cumpla un a\u00f1o de su entrada en vigencia, a partir de un DNU presidencial, la reforma de la&nbsp;<strong>Ley 27.348&nbsp;<\/strong>sigue dando motivos para hablar. En esta ocasi\u00f3n, el Dr. Luis Otero entrevist\u00f3 al abogado Juan Jos\u00e9 Formaro, especialista en derecho laboral, quien dice que&nbsp;<strong>la norma vino para plantear algunos problemas<\/strong>, mientras tanto, ya hay varios fallos que declaran su inconstitucionalidad.<\/p>\n\n\n\n<p>El texto del Decreto 132, sancionado en febrero de este a\u00f1o, habla de la creaci\u00f3n de una&nbsp;<strong>comisi\u00f3n medica para que el trabajador afectado en su turno laboral se presente<\/strong>&nbsp;de forma obligatoria y solicite \u0093la determinaci\u00f3n de su enfermedad o discapacidad y las correspondientes prestaciones dinerarias\u0094. Esto quiere decir,&nbsp;<strong>que si sufre un accidente tendr\u00e1 que visitar a la comisi\u00f3n medica para que sea revisado antes de accionar judicialmente<\/strong>, y es uno de los puntos en conflicto.<\/p>\n\n\n\n<figure class=\"wp-block-embed is-type-rich is-provider-gestor-del-servicio wp-block-embed-gestor-del-servicio wp-embed-aspect-16-9 wp-has-aspect-ratio\"><div class=\"wp-block-embed__wrapper\">\n<iframe loading=\"lazy\" title=\"La reforma de la ART - Defiendase.com\" width=\"640\" height=\"360\" src=\"https:\/\/www.youtube.com\/embed\/G7DNQHJKITE?feature=oembed\" frameborder=\"0\" allow=\"accelerometer; autoplay; clipboard-write; encrypted-media; gyroscope; picture-in-picture; web-share\" allowfullscreen><\/iframe>\n<\/div><\/figure>\n\n\n\n<p>Ante esto, Formaro se\u00f1ala que la intenci\u00f3n de la ley es resolver, pero piensa que tal vez los elementos&nbsp;<strong>o las herramientas no son las m\u00e1s apropiadas<\/strong>, y agreg\u00f3 que se va a necesitar mucha m\u00e1s interpretaci\u00f3n por parte de los abogados y de los jueces, sobre todo porque&nbsp;<strong>es confusa, oscura y con contradicciones.<\/strong><\/p>\n\n\n\n<p>Respecto a lo que dice el texto, el letrado que habl\u00f3 con Defiendase agrega que&nbsp;<strong>hay que saber leerla<\/strong>, y que, con lo que ha acontecido en los primeros tiempos se generar\u00e1 un debate jurisdiccional como con toda nueva norma que se dicta, porque&nbsp;<strong>ac\u00e1 se encuentran en juego derechos fundamentales.<\/strong><\/p>\n\n\n\n<figure class=\"wp-block-image\"><img src=\"https:\/\/www.defiendase.com\/media\/file\/PLACAart.gif\" alt=\"\"\/><\/figure>\n\n\n\n<p>Ya hay varios planteos acerca de la Constitucionalidad o no de esta norma, y la \u00faltima palabra la tendr\u00e1 la Corte Suprema de Justicia de la Naci\u00f3n.&nbsp;<strong>\u0093En principio se va a debatir en los superiores tribunales de cada provincia porque esta es una ley que en la faz procesal queda sujeta a las adhesiones provinciales, y luego ser\u00e1 revisado por la CSJN\u0094<\/strong>, explic\u00f3 minuciosamente.<\/p>\n\n\n\n<p>Mientras tanto en las C\u00e1maras de Apelaciones correspondientes hay jurisprudencia encontrada. \u0093La Ley 27.348 todav\u00eda no tiene un a\u00f1o de vigencia,&nbsp;<strong>es una norma que opera en la faz de fondo como de forma, mientras que en la faz procedimental fue analizada por distintas salas<\/strong>&nbsp;de la C\u00e1mara y hay dos pronunciamientos que declaran la constitucionalidad y otros que declaran lo contrario\u0094, dijo Formaro al finalizar.<\/p>\n","protected":false},"excerpt":{"rendered":"<p>En la misma bolsa hay un decreto presidencial, los derechos de los trabajadores y la<\/p>\n","protected":false},"author":4,"featured_media":1997,"comment_status":"open","ping_status":"open","sticky":false,"template":"","format":"standard","meta":{"om_disable_all_campaigns":false,"_monsterinsights_skip_tracking":false,"_monsterinsights_sitenote_active":false,"_monsterinsights_sitenote_note":"","_monsterinsights_sitenote_category":0},"categories":[8],"tags":[],"aioseo_notices":[],"jetpack_featured_media_url":"https:\/\/defiendase.com\/wp-content\/uploads\/2023\/02\/art.gif","post_mailing_queue_ids":[],"_links":{"self":[{"href":"https:\/\/defiendase.com\/index.php\/wp-json\/wp\/v2\/posts\/1996"}],"collection":[{"href":"https:\/\/defiendase.com\/index.php\/wp-json\/wp\/v2\/posts"}],"about":[{"href":"https:\/\/defiendase.com\/index.php\/wp-json\/wp\/v2\/types\/post"}],"author":[{"embeddable":true,"href":"https:\/\/defiendase.com\/index.php\/wp-json\/wp\/v2\/users\/4"}],"replies":[{"embeddable":true,"href":"https:\/\/defiendase.com\/index.php\/wp-json\/wp\/v2\/comments?post=1996"}],"version-history":[{"count":1,"href":"https:\/\/defiendase.com\/index.php\/wp-json\/wp\/v2\/posts\/1996\/revisions"}],"predecessor-version":[{"id":1999,"href":"https:\/\/defiendase.com\/index.php\/wp-json\/wp\/v2\/posts\/1996\/revisions\/1999"}],"wp:featuredmedia":[{"embeddable":true,"href":"https:\/\/defiendase.com\/index.php\/wp-json\/wp\/v2\/media\/1997"}],"wp:attachment":[{"href":"https:\/\/defiendase.com\/index.php\/wp-json\/wp\/v2\/media?parent=1996"}],"wp:term":[{"taxonomy":"category","embeddable":true,"href":"https:\/\/defiendase.com\/index.php\/wp-json\/wp\/v2\/categories?post=1996"},{"taxonomy":"post_tag","embeddable":true,"href":"https:\/\/defiendase.com\/index.php\/wp-json\/wp\/v2\/tags?post=1996"}],"curies":[{"name":"wp","href":"https:\/\/api.w.org\/{rel}","templated":true}]}}