{"id":1992,"date":"2017-11-29T21:39:00","date_gmt":"2017-11-29T21:39:00","guid":{"rendered":"http:\/\/defiendase.impulsatuidea.com\/?p=1992"},"modified":"2023-02-06T21:42:33","modified_gmt":"2023-02-06T21:42:33","slug":"misma-tarea-distinto-sueldo","status":"publish","type":"post","link":"https:\/\/defiendase.com\/index.php\/misma-tarea-distinto-sueldo\/","title":{"rendered":"Misma tarea, \u00bfdistinto sueldo?"},"content":{"rendered":"\n<h3>Charlando en un almuerzo con sus compa\u00f1eros de trabajo Claudio descubri\u00f3 que cobra menos que ellos, aunque cumplen las mismas funciones. Le pregunt\u00f3 a un abogado qu\u00e9 hacer y este le dijo demandar a la compa\u00f1\u00eda por&nbsp;Discriminaci\u00f3n Laboral. \u00bfEs indicado hacer esto?<\/h3>\n\n\n\n<figure class=\"wp-block-image\"><img src=\"https:\/\/www.defiendase.com\/media\/file\/portada-discriminacion-laboral.gif\" alt=\"Misma tarea, \u00bfdistinto sueldo?\"\/><\/figure>\n\n\n\n<p>Para responder esta consulta enviada a Defi\u00e9ndase, hablamos con el abogado especialista en temas laborales, Francisco Abajo Olivares. \u0093Me parece un poco apresurado. Lo primero que hay que averiguar es porqu\u00e9 est\u00e1 pagando menos la empresa a uno que a otros.&nbsp;<strong>Deber\u00eda verificar si tienen la misma categor\u00eda<\/strong>, pueden hacer la misma tarea y ser de distinta categor\u00eda, por eso la diferencia. As\u00ed est\u00e1 establecido en el convenio colectivo de trabajo\u0094.<\/p>\n\n\n\n<figure class=\"wp-block-embed is-type-rich is-provider-gestor-del-servicio wp-block-embed-gestor-del-servicio wp-embed-aspect-16-9 wp-has-aspect-ratio\"><div class=\"wp-block-embed__wrapper\">\n<iframe loading=\"lazy\" title=\"Discriminacion Salarial - Defiendase.com I\" width=\"640\" height=\"360\" src=\"https:\/\/www.youtube.com\/embed\/hHJgdf8UUA8?feature=oembed\" frameborder=\"0\" allow=\"accelerometer; autoplay; clipboard-write; encrypted-media; gyroscope; picture-in-picture; web-share\" allowfullscreen><\/iframe>\n<\/div><\/figure>\n\n\n\n<p>En el caso de que tengan la misma categor\u00eda y cumplan las mismas funciones, hay que ver si hay alg\u00fan elemento en el recibo de sueldo que justifique esa diferencia. Sin dudas no va a cobrar lo mismo alguien que lleva un a\u00f1o trabajando en ese puesto que alguien que lleva quince.&nbsp;<strong>El factor antig\u00fcedad en un recibo de sueldo es muy importante.<\/strong><\/p>\n\n\n\n<p>Hay que analizar bien, primero por qu\u00e9 y ver si existe alg\u00fan motivo. Si vemos que razones no hay habr\u00e1 que pedir explicaciones o solicitar a la empresa que elimine cualquier trato discriminatorio en base al principio de&nbsp;<strong>igual remuneraci\u00f3n por igual tarea<\/strong>. \u0093Pero mandarse de una a acciones judiciales, me parece un poco aventurado\u0094.<\/p>\n\n\n\n<figure class=\"wp-block-image\"><img src=\"https:\/\/www.defiendase.com\/media\/file\/PLACA-TRABJ.gif\" alt=\"\"\/><\/figure>\n\n\n\n<p><strong>\u00bfQu\u00e9 es la llamada Discriminaci\u00f3n Salarial y como se combate?<\/strong><\/p>\n\n\n\n<p>\u0093En definitiva ocurre cuando alguien con la misma categor\u00eda que sus compa\u00f1eros hace un mismo trabajo y gana distinto sueldo. Ante eso lo que conviene hacer es asegurarse. Ver si existe o no alg\u00fan motivo objetivo para cobrar de manera diferente.&nbsp;<strong>S\u00f3lo hay que pedir una equiparaci\u00f3n si no hay motivo<\/strong>. Uno lo puede pedir bien. Si del otro lado se enojan ya es problema de la empresa, probablemente te estar\u00e1n poniendo de manifiesto que lo estaban haciendo con pleno conocimiento de causa\u0094, explic\u00f3 el abogado.<\/p>\n\n\n\n<p>Siempre hay que buscar un asesoramiento equilibrado.&nbsp;<strong>No es buen consejo, salvo en excepciones mandarse de frente a acciones judiciales. Hay que cubrirse la espalda.<\/strong><\/p>\n\n\n\n<p>https:\/\/www.youtube.com\/embed\/e2XNCfsmPsI<br><br>Puede suceder lo siguiente: hay empresas que tienen servicios tercerizados, y aquel que realiza el trabajo de esa forma puede cumplir las mismas funciones que uno de planta permanente, pero est\u00e1n en convenios distintos y los sueldos var\u00edan.&nbsp;<strong>\u0093Hay veces que dos personas que hacen la misma tarea cobran distintos sueldos por pertenecer a convenios diferentes\u0094<\/strong>.<\/p>\n","protected":false},"excerpt":{"rendered":"<p>Charlando en un almuerzo con sus compa\u00f1eros de trabajo Claudio descubri\u00f3 que cobra menos que<\/p>\n","protected":false},"author":4,"featured_media":1993,"comment_status":"open","ping_status":"open","sticky":false,"template":"","format":"standard","meta":{"om_disable_all_campaigns":false,"_monsterinsights_skip_tracking":false,"_monsterinsights_sitenote_active":false,"_monsterinsights_sitenote_note":"","_monsterinsights_sitenote_category":0},"categories":[8],"tags":[],"aioseo_notices":[],"jetpack_featured_media_url":"https:\/\/defiendase.com\/wp-content\/uploads\/2023\/02\/portada-discriminacion-laboral-1.gif","post_mailing_queue_ids":[],"_links":{"self":[{"href":"https:\/\/defiendase.com\/index.php\/wp-json\/wp\/v2\/posts\/1992"}],"collection":[{"href":"https:\/\/defiendase.com\/index.php\/wp-json\/wp\/v2\/posts"}],"about":[{"href":"https:\/\/defiendase.com\/index.php\/wp-json\/wp\/v2\/types\/post"}],"author":[{"embeddable":true,"href":"https:\/\/defiendase.com\/index.php\/wp-json\/wp\/v2\/users\/4"}],"replies":[{"embeddable":true,"href":"https:\/\/defiendase.com\/index.php\/wp-json\/wp\/v2\/comments?post=1992"}],"version-history":[{"count":1,"href":"https:\/\/defiendase.com\/index.php\/wp-json\/wp\/v2\/posts\/1992\/revisions"}],"predecessor-version":[{"id":1995,"href":"https:\/\/defiendase.com\/index.php\/wp-json\/wp\/v2\/posts\/1992\/revisions\/1995"}],"wp:featuredmedia":[{"embeddable":true,"href":"https:\/\/defiendase.com\/index.php\/wp-json\/wp\/v2\/media\/1993"}],"wp:attachment":[{"href":"https:\/\/defiendase.com\/index.php\/wp-json\/wp\/v2\/media?parent=1992"}],"wp:term":[{"taxonomy":"category","embeddable":true,"href":"https:\/\/defiendase.com\/index.php\/wp-json\/wp\/v2\/categories?post=1992"},{"taxonomy":"post_tag","embeddable":true,"href":"https:\/\/defiendase.com\/index.php\/wp-json\/wp\/v2\/tags?post=1992"}],"curies":[{"name":"wp","href":"https:\/\/api.w.org\/{rel}","templated":true}]}}