{"id":1502,"date":"2022-08-18T13:58:00","date_gmt":"2022-08-18T13:58:00","guid":{"rendered":"http:\/\/defiendase.impulsatuidea.com\/?p=1502"},"modified":"2023-01-12T14:01:53","modified_gmt":"2023-01-12T14:01:53","slug":"la-ley-benjamin-llego-a-la-legislatura-bonaerense-para-proteger-a-los-ninos-con-altas-capacidades","status":"publish","type":"post","link":"https:\/\/defiendase.com\/index.php\/la-ley-benjamin-llego-a-la-legislatura-bonaerense-para-proteger-a-los-ninos-con-altas-capacidades\/","title":{"rendered":"La Ley Benjam\u00edn lleg\u00f3 a la Legislatura Bonaerense para proteger a los ni\u00f1os con altas capacidades."},"content":{"rendered":"\n<p>El proyecto surgi\u00f3 a partir del caso de un ni\u00f1o que complet\u00f3 primer y segundo grado en 2020 y el a\u00f1o pasado fue presionado por el Ministerio de Educaci\u00f3n provincial para retroceder. La Justicia fall\u00f3 en favor de Benjam\u00edn, que hoy le da nombre al proyecto de ley impulsado por Caludio Frangul.<\/p>\n\n\n\n<figure class=\"wp-block-image size-full\"><img loading=\"lazy\" width=\"992\" height=\"661\" src=\"http:\/\/defiendase.com\/wp-content\/uploads\/2023\/01\/ley-benjamin.jpeg\" alt=\"\" class=\"wp-image-1503\" srcset=\"https:\/\/defiendase.com\/wp-content\/uploads\/2023\/01\/ley-benjamin.jpeg 992w, https:\/\/defiendase.com\/wp-content\/uploads\/2023\/01\/ley-benjamin-300x200.jpeg 300w, https:\/\/defiendase.com\/wp-content\/uploads\/2023\/01\/ley-benjamin-768x512.jpeg 768w, https:\/\/defiendase.com\/wp-content\/uploads\/2023\/01\/ley-benjamin-600x400.jpeg 600w\" sizes=\"(max-width: 992px) 100vw, 992px\" \/><\/figure>\n\n\n\n<p>En los \u00faltimos d\u00edas, el diputado provincial de Juntos, Claudio Frangul, present\u00f3 un proyecto en la C\u00e1mara de Diputados de la Provincia de Buenos Aires que contempla las altas capacidades intelectuales para buscar la detecci\u00f3n temprana de estos casos y la generar un \u00e1rea en la Direcci\u00f3n General de Escuelas para que las familias tengan cierto grado de asesoramiento.<\/p>\n\n\n\n<p>Esta iniciativa surgi\u00f3 a ra\u00edz del caso de Benjam\u00edn Equiza, un ni\u00f1o superdotado, de 7 a\u00f1os, que en plena pandemia consigui\u00f3 avanzar los niveles de primer y segundo grado. Todo marchaba sin inconvenientes hasta que el a\u00f1o pasado, mientras el chico transitaba tercer grado, se enter\u00f3 que por decisi\u00f3n de la Direcci\u00f3n de Escuelas bonaerense deb\u00eda retroceder y volver a segundo a\u00f1o.<\/p>\n\n\n\n<p>Frente a esta situaci\u00f3n sorpresiva, los padres de Benjam\u00edn, representados por la abogada Fabiana Rogliano, llevaron el caso a la Justicia, \u00e1mbito en el que recibieron la sentencia favorable del juez Atencio, en el Juzgado de Garant\u00edas N\u00b0 1 del Departamento Judicial de La Plata, y la ratificaci\u00f3n de la C\u00e1mara de Apelaciones en lo Contencioso Administrativo.<\/p>\n\n\n\n<p>Frangul llev\u00f3 su proyecto a la Legislatura bonaerense para establecer un marco regulatorio para la detecci\u00f3n y abordaje integral para ni\u00f1as, ni\u00f1os y adolescentes de nivel inicial, primario y secundario con altas capacidades intelectuales. Estos chicos deben ser atendidos en forma personalizada porque sino pueden sufrir estr\u00e9s y frustraciones; para ello se propuso la implementaci\u00f3n de programas de capacitaci\u00f3n en altas capacidades intelectuales tanto para los docentes activos, como para los espacios de formaci\u00f3n docente.<\/p>\n\n\n\n<p>Adem\u00e1s, la iniciativa incluye sanciones en el caso de incumplimientos por parte de las escuelas y legitima el accionar de los padres o representantes legales en instancia administrativa y ante la justicia. El diputado radical manifest\u00f3 la importancia de nivelar hacia arriba y coment\u00f3: \u0093Cuando uno habla con las familias lo que tienen en com\u00fan es un gran sufrimiento en lo emocional. La incapacidad del sistema de reconocerlos los lleva a sentirse frustrados\u0094.<\/p>\n\n\n\n<p>Aquel fallo judicial favorable, le permiti\u00f3 a Benjam\u00edn avanzar a cuarto grado con un proyecto pedag\u00f3gico individual, al igual que sucede con los alumnos que presentan discapacidad. \u0093Ahora tenemos que ajustar la normativa para que la pr\u00f3xima familia que se enfrente a esta situaci\u00f3n no tenga que pelearla recurriendo a la justicia\u0094, cerr\u00f3 Frangul.<\/p>\n","protected":false},"excerpt":{"rendered":"<p>El proyecto surgi\u00f3 a partir del caso de un ni\u00f1o que complet\u00f3 primer y segundo<\/p>\n","protected":false},"author":4,"featured_media":1503,"comment_status":"open","ping_status":"open","sticky":false,"template":"","format":"standard","meta":{"om_disable_all_campaigns":false,"_monsterinsights_skip_tracking":false,"_monsterinsights_sitenote_active":false,"_monsterinsights_sitenote_note":"","_monsterinsights_sitenote_category":0},"categories":[16],"tags":[],"aioseo_notices":[],"jetpack_featured_media_url":"https:\/\/defiendase.com\/wp-content\/uploads\/2023\/01\/ley-benjamin.jpeg","post_mailing_queue_ids":[],"_links":{"self":[{"href":"https:\/\/defiendase.com\/index.php\/wp-json\/wp\/v2\/posts\/1502"}],"collection":[{"href":"https:\/\/defiendase.com\/index.php\/wp-json\/wp\/v2\/posts"}],"about":[{"href":"https:\/\/defiendase.com\/index.php\/wp-json\/wp\/v2\/types\/post"}],"author":[{"embeddable":true,"href":"https:\/\/defiendase.com\/index.php\/wp-json\/wp\/v2\/users\/4"}],"replies":[{"embeddable":true,"href":"https:\/\/defiendase.com\/index.php\/wp-json\/wp\/v2\/comments?post=1502"}],"version-history":[{"count":1,"href":"https:\/\/defiendase.com\/index.php\/wp-json\/wp\/v2\/posts\/1502\/revisions"}],"predecessor-version":[{"id":1504,"href":"https:\/\/defiendase.com\/index.php\/wp-json\/wp\/v2\/posts\/1502\/revisions\/1504"}],"wp:featuredmedia":[{"embeddable":true,"href":"https:\/\/defiendase.com\/index.php\/wp-json\/wp\/v2\/media\/1503"}],"wp:attachment":[{"href":"https:\/\/defiendase.com\/index.php\/wp-json\/wp\/v2\/media?parent=1502"}],"wp:term":[{"taxonomy":"category","embeddable":true,"href":"https:\/\/defiendase.com\/index.php\/wp-json\/wp\/v2\/categories?post=1502"},{"taxonomy":"post_tag","embeddable":true,"href":"https:\/\/defiendase.com\/index.php\/wp-json\/wp\/v2\/tags?post=1502"}],"curies":[{"name":"wp","href":"https:\/\/api.w.org\/{rel}","templated":true}]}}