{"id":1288,"date":"2022-03-29T21:18:39","date_gmt":"2022-03-29T21:18:39","guid":{"rendered":"http:\/\/defiendase.impulsatuidea.com\/?p=1288"},"modified":"2023-01-05T21:19:49","modified_gmt":"2023-01-05T21:19:49","slug":"jubilados-maltratados-por-un-turno","status":"publish","type":"post","link":"https:\/\/defiendase.com\/index.php\/jubilados-maltratados-por-un-turno\/","title":{"rendered":"Jubilados: maltratados por un turno"},"content":{"rendered":"\n<h3>Los afiliados de PAMI tienen que hacer filas interminables (hasta pasan la noche a la intemperie) y sufrir diversas humillaciones para, simplemente, conseguir turno con un m\u00e9dico especialista. Defiendase.com fue a uno de los lugares donde sucede ese lamentable hecho para hablar con los protagonistas y, adem\u00e1s, consult\u00f3 con una especialista en el tema sobre qu\u00e9 pueden hacer los damnificados.\u00a0\u00a0<\/h3>\n\n\n\n<p>Aunque el calor sea terrible, se desate una&nbsp;lluvia torrencial o el fr\u00edo se torne&nbsp;insoportable, las personas (en especial&nbsp;los jubilados) tienen que pasar varias horas&nbsp;-\u00a1muchas veces hasta toda la noche!- en, este caso, en&nbsp;la vereda del \u00abHogar Santa Susana\u00bb,&nbsp;de Merlo, para poder conseguir un turno con un&nbsp;m\u00e9dico especialista.<\/p>\n\n\n\n<p>&nbsp; Aunque en dicho lugar, ese agravio les sucede a afiliados de diferentes obras sociales, los que m\u00e1s sufren esa&nbsp;humillaci\u00f3n son los \u00abviejos\u00bb que poseen cobertura de PAMI, que a pesar de sus achaques pasan interminables horas a la intemperie y encima, como ocurre en la gran mayor\u00eda de los casos, ni siquieran&nbsp;logran&nbsp;el objetivo;&nbsp;ya que el centro de salud otorga muy pocos n\u00fameros para las diversas especialidades y los jubilados se retiran sin su turno que le diera la esperanza de ver al doctor o hacerse el estudio m\u00e9dico correspondiente.<\/p>\n\n\n\n<p>\u00a0<strong>\u00a0Defiendase.com\u00a0<\/strong>se acerc\u00f3 a lugar y habl\u00f3 con\u00a0Silvana,\u00a0una de las tantas perjudicadas por ese atroz sistema:<\/p>\n\n\n\n<figure class=\"wp-block-embed is-type-video is-provider-youtube wp-block-embed-youtube wp-embed-aspect-4-3 wp-has-aspect-ratio\"><div class=\"wp-block-embed__wrapper\">\n<iframe loading=\"lazy\" title=\"Jubilados: maltratados por un turno\" width=\"640\" height=\"480\" src=\"https:\/\/www.youtube.com\/embed\/VgZESCoeZUQ?feature=oembed\" frameborder=\"0\" allow=\"accelerometer; autoplay; clipboard-write; encrypted-media; gyroscope; picture-in-picture; web-share\" allowfullscreen><\/iframe>\n<\/div><\/figure>\n\n\n\n<p><strong>Desde el lado de PAMI<\/strong><\/p>\n\n\n\n<p>Por su parte,&nbsp;se consult\u00f3 con el sector de prensa de PAMI, quien&nbsp;inform\u00f3 lo siguiente:<\/p>\n\n\n\n<p>\u00abLas personas afiliadas pueden atenderse con cualquier doctor o especialista, siempre y cuando tengan la orden m\u00e9dica realizada por su m\u00e9dico de cabecera. O sea, pueden elegir y recurrir al profesional que deseen, pero la orden tiene que ser s\u00ed o s\u00ed de su m\u00e9dico de cabecera. Adem\u00e1s,&nbsp;en la APP de PAMI para celular (\u00abmipami\u00bb) se ve reflejado todos los m\u00e9dicos especialistas que tienen a disposici\u00f3n los afiliados para que busquen el m\u00e1s conveniente y hasta pueden llamar antes de ir\u00bb.<\/p>\n\n\n\n<p>&nbsp; Tambi\u00e9n asegur\u00f3 que \u00abes real que hay pocos especialistas para la alta demanda\u00bb, pero que el organismo \u00absumar\u00e1 m\u00e9dicos&nbsp;para satisfacer las necesidades\u00bb y reconoci\u00f3 que \u00abhay que seguir trabajando para que las personas no se encuentren con complicaciones a la hora de usar el servicio\u00bb.<\/p>\n\n\n\n<p>&nbsp; Y con respecto al caso puntual sucedido en Merlo, se\u00f1al\u00f3: \u00abEs un l\u00e1stima que sucedan esos hechos y&nbsp;estamos&nbsp;estudiando esos casos y trabajando para que no pase nunca m\u00e1s. Por eso, es muy importante que los afiliados utilicen la APP, aunque sea con ayuda de un familiar o alg\u00fan cercano, para que puedan elegir el centro o especialista que les convenga y se eviten las aglomeraciones\u00bb.<\/p>\n\n\n\n<p><strong>Consejo jur\u00eddico<\/strong><\/p>\n\n\n\n<p>La&nbsp;<strong>Dra Silvia Arce<\/strong>, abogada previsional, fue consultada&nbsp;por&nbsp;<strong>Defiendase.com&nbsp;<\/strong>y aconsej\u00f3&nbsp;que siempre, en primera instancia, los pacientes de PAMI visiten al&nbsp;m\u00e9dico de cabecera para que \u00e9ste le informe a d\u00f3nde tienen que dirigirse para ser atendido por un especialista.<\/p>\n\n\n\n<p>\u00a0 Adem\u00e1s, a\u00f1adi\u00f3\u00a0que nunca tienen que dirigirse sin turno a ning\u00fan centro m\u00e9dico porque ser\u00e1 muy dif\u00edcil que sean atendidos.<\/p>\n\n\n\n<figure class=\"wp-block-embed is-type-video is-provider-youtube wp-block-embed-youtube wp-embed-aspect-4-3 wp-has-aspect-ratio\"><div class=\"wp-block-embed__wrapper\">\n<iframe loading=\"lazy\" title=\"Dra Silvia Arce\" width=\"640\" height=\"480\" src=\"https:\/\/www.youtube.com\/embed\/0bpwcrJMIPQ?feature=oembed\" frameborder=\"0\" allow=\"accelerometer; autoplay; clipboard-write; encrypted-media; gyroscope; picture-in-picture; web-share\" allowfullscreen><\/iframe>\n<\/div><\/figure>\n\n\n\n<figure class=\"wp-block-image size-large\"><img loading=\"lazy\" width=\"1024\" height=\"576\" src=\"http:\/\/defiendase.com\/wp-content\/uploads\/2023\/01\/image-3-1024x576.png\" alt=\"\" class=\"wp-image-1290\" srcset=\"https:\/\/defiendase.com\/wp-content\/uploads\/2023\/01\/image-3-1024x576.png 1024w, https:\/\/defiendase.com\/wp-content\/uploads\/2023\/01\/image-3-300x169.png 300w, https:\/\/defiendase.com\/wp-content\/uploads\/2023\/01\/image-3-768x432.png 768w, https:\/\/defiendase.com\/wp-content\/uploads\/2023\/01\/image-3-1536x864.png 1536w, https:\/\/defiendase.com\/wp-content\/uploads\/2023\/01\/image-3-800x450.png 800w, https:\/\/defiendase.com\/wp-content\/uploads\/2023\/01\/image-3-600x338.png 600w, https:\/\/defiendase.com\/wp-content\/uploads\/2023\/01\/image-3.png 1920w\" sizes=\"(max-width: 1024px) 100vw, 1024px\" \/><\/figure>\n","protected":false},"excerpt":{"rendered":"<p>Los afiliados de PAMI tienen que hacer filas interminables (hasta pasan la noche a la<\/p>\n","protected":false},"author":4,"featured_media":1289,"comment_status":"open","ping_status":"open","sticky":false,"template":"","format":"standard","meta":{"om_disable_all_campaigns":false,"_monsterinsights_skip_tracking":false,"_monsterinsights_sitenote_active":false,"_monsterinsights_sitenote_note":"","_monsterinsights_sitenote_category":0},"categories":[2],"tags":[247,249],"aioseo_notices":[],"jetpack_featured_media_url":"https:\/\/defiendase.com\/wp-content\/uploads\/2023\/01\/maltrato1.jpg","post_mailing_queue_ids":[],"_links":{"self":[{"href":"https:\/\/defiendase.com\/index.php\/wp-json\/wp\/v2\/posts\/1288"}],"collection":[{"href":"https:\/\/defiendase.com\/index.php\/wp-json\/wp\/v2\/posts"}],"about":[{"href":"https:\/\/defiendase.com\/index.php\/wp-json\/wp\/v2\/types\/post"}],"author":[{"embeddable":true,"href":"https:\/\/defiendase.com\/index.php\/wp-json\/wp\/v2\/users\/4"}],"replies":[{"embeddable":true,"href":"https:\/\/defiendase.com\/index.php\/wp-json\/wp\/v2\/comments?post=1288"}],"version-history":[{"count":1,"href":"https:\/\/defiendase.com\/index.php\/wp-json\/wp\/v2\/posts\/1288\/revisions"}],"predecessor-version":[{"id":1291,"href":"https:\/\/defiendase.com\/index.php\/wp-json\/wp\/v2\/posts\/1288\/revisions\/1291"}],"wp:featuredmedia":[{"embeddable":true,"href":"https:\/\/defiendase.com\/index.php\/wp-json\/wp\/v2\/media\/1289"}],"wp:attachment":[{"href":"https:\/\/defiendase.com\/index.php\/wp-json\/wp\/v2\/media?parent=1288"}],"wp:term":[{"taxonomy":"category","embeddable":true,"href":"https:\/\/defiendase.com\/index.php\/wp-json\/wp\/v2\/categories?post=1288"},{"taxonomy":"post_tag","embeddable":true,"href":"https:\/\/defiendase.com\/index.php\/wp-json\/wp\/v2\/tags?post=1288"}],"curies":[{"name":"wp","href":"https:\/\/api.w.org\/{rel}","templated":true}]}}