{"id":1281,"date":"2021-09-08T21:06:56","date_gmt":"2021-09-08T21:06:56","guid":{"rendered":"http:\/\/defiendase.impulsatuidea.com\/?p=1281"},"modified":"2023-01-12T14:00:38","modified_gmt":"2023-01-12T14:00:38","slug":"los-jubilados-tienen-el-beneficio-de-reclamar-otra-vez-les-recortan-derechos","status":"publish","type":"post","link":"https:\/\/defiendase.com\/index.php\/los-jubilados-tienen-el-beneficio-de-reclamar-otra-vez-les-recortan-derechos\/","title":{"rendered":"LOS JUBILADOS TIENEN EL \u00abBENEFICIO\u00bb DE RECLAMAR. OTRA VEZ LES RECORTAN DERECHOS"},"content":{"rendered":"\n<h3>Miles de juicios se acumulan en la justicia contra la ley de movilidad del gobierno de Alberto Fern\u00e1ndez. \u00bfQu\u00e9 hacer en estos casos?<\/h3>\n\n\n\n<figure class=\"wp-block-image size-full\"><img loading=\"lazy\" width=\"960\" height=\"528\" src=\"http:\/\/defiendase.com\/wp-content\/uploads\/2023\/01\/jubilados-dinero.jpg\" alt=\"\" class=\"wp-image-1505\" srcset=\"https:\/\/defiendase.com\/wp-content\/uploads\/2023\/01\/jubilados-dinero.jpg 960w, https:\/\/defiendase.com\/wp-content\/uploads\/2023\/01\/jubilados-dinero-300x165.jpg 300w, https:\/\/defiendase.com\/wp-content\/uploads\/2023\/01\/jubilados-dinero-768x422.jpg 768w, https:\/\/defiendase.com\/wp-content\/uploads\/2023\/01\/jubilados-dinero-600x330.jpg 600w\" sizes=\"(max-width: 960px) 100vw, 960px\" \/><\/figure>\n\n\n\n<p>Tu jubilaci\u00f3n cada vez vale menos.&nbsp; El \u00faltimo aumento decidido por el gobierno nacional por decreto, (y luego &nbsp;<a href=\"https:\/\/www.boletinoficial.gob.ar\/detalleAviso\/primera\/239478\/20210104\">Ley 27.609<\/a>) est\u00e1 lejos del 82% del salario m\u00ednimo, vital y m\u00f3vil fijado para los trabajadores activos, ese que otra presidenta vet\u00f3 cuando era ley.<\/p>\n\n\n\n<p>Ya se dictaron varios fallos judiciales favorables a los jubilados que reclamaron inmediatamente. A pesar de eso, el&nbsp;<a href=\"https:\/\/www.clarin.com\/economia\/jubilados-nueva-oleada-juicios-espera-decision-corte-suprema_0_29yYdfbAn.html\">Diario Clar\u00edn<\/a>&nbsp;inform\u00f3 que stock de juicios en tr\u00e1mite llega a casi 269.000.<\/p>\n\n\n\n<p>Vos tambi\u00e9n pod\u00e9s cobrar &nbsp;un haber m\u00e1s cercano a lo que realmente merec\u00e9s por todo lo trabajado y aportado durante tu vida.<\/p>\n\n\n\n<p>Defi\u00e9ndase habl\u00f3 con el abogado especialista en derecho previsional, el Dr. Federico Despoulis Netri, quien afirm\u00f3 que hoy son muchos los reclamos judiciales de los jubilados debido a que ?sienten que su haber deber\u00eda ser m\u00e1s alto?<\/p>\n\n\n\n<figure class=\"wp-block-embed is-type-video is-provider-youtube wp-block-embed-youtube wp-embed-aspect-4-3 wp-has-aspect-ratio\"><div class=\"wp-block-embed__wrapper\">\n<iframe loading=\"lazy\" title=\"Recortes en la jubilaci\u00f3n. \u00bfC\u00f3mo reclamar para mejorar tu haber jubilatorio?\" width=\"640\" height=\"480\" src=\"https:\/\/www.youtube.com\/embed\/5TCN-_cIrpg?feature=oembed\" frameborder=\"0\" allow=\"accelerometer; autoplay; clipboard-write; encrypted-media; gyroscope; picture-in-picture; web-share\" allowfullscreen><\/iframe>\n<\/div><\/figure>\n\n\n\n<h2><em>\u00bfC\u00f3mo reclamar?<\/em><\/h2>\n\n\n\n<p>\u00abEs fundamental iniciar consultando a un abogado especialista con un recibo del haber jubilatorio\u00bb, indic\u00f3 el letrado.<\/p>\n\n\n\n<figure class=\"wp-block-image size-full is-resized\"><img loading=\"lazy\" src=\"http:\/\/defiendase.com\/wp-content\/uploads\/2023\/01\/image-2.png\" alt=\"\" class=\"wp-image-1283\" width=\"226\" height=\"226\" srcset=\"https:\/\/defiendase.com\/wp-content\/uploads\/2023\/01\/image-2.png 469w, https:\/\/defiendase.com\/wp-content\/uploads\/2023\/01\/image-2-300x300.png 300w, https:\/\/defiendase.com\/wp-content\/uploads\/2023\/01\/image-2-150x150.png 150w, https:\/\/defiendase.com\/wp-content\/uploads\/2023\/01\/image-2-100x100.png 100w\" sizes=\"(max-width: 226px) 100vw, 226px\" \/><\/figure>\n\n\n\n<p>\u00abEsto es as\u00ed debido a que es una acci\u00f3n meramente declarativa, tal como lo estipula el art\u00edculo 322 del C\u00f3digo Procesal Civil y Comercial Nacional\u00bb&nbsp;refiri\u00f3 el especialista quien luego aclar\u00f3 \u00abNo es un reajuste com\u00fan (como por ejemplo el caso Badaro) ya que no son los mismos \u00edndices\u00bb.<\/p>\n\n\n\n<p>&nbsp;\u00abLa acci\u00f3n se inicia directamente en la Justicia federal de la seguridad social y se revuelve previo pasar por c\u00e1mara en la Corte\u00bb, finaliz\u00f3 el doctor.<\/p>\n\n\n\n<p>Lo mejor ser\u00eda que los abogados del estado no sigan apelando hasta la Corte suprema de Justicia, para evitar la p\u00e9rdida de tiempo y mayor costo para el estado, que termina pagando la gente.<\/p>\n\n\n\n<p>A continuaci\u00f3n te presentamos una infograf\u00eda con los pasos a seguir para reclamar el reajuste de tu haber jubilatorio.&nbsp;<\/p>\n\n\n\n<figure class=\"wp-block-image size-full\"><img loading=\"lazy\" width=\"251\" height=\"463\" src=\"http:\/\/defiendase.com\/wp-content\/uploads\/2023\/01\/image-1.png\" alt=\"\" class=\"wp-image-1282\" srcset=\"https:\/\/defiendase.com\/wp-content\/uploads\/2023\/01\/image-1.png 251w, https:\/\/defiendase.com\/wp-content\/uploads\/2023\/01\/image-1-163x300.png 163w\" sizes=\"(max-width: 251px) 100vw, 251px\" \/><\/figure>\n","protected":false},"excerpt":{"rendered":"<p>Miles de juicios se acumulan en la justicia contra la ley de movilidad del gobierno<\/p>\n","protected":false},"author":4,"featured_media":1505,"comment_status":"open","ping_status":"open","sticky":false,"template":"","format":"standard","meta":{"om_disable_all_campaigns":false,"_monsterinsights_skip_tracking":false,"_monsterinsights_sitenote_active":false,"_monsterinsights_sitenote_note":"","_monsterinsights_sitenote_category":0},"categories":[2],"tags":[],"aioseo_notices":[],"jetpack_featured_media_url":"https:\/\/defiendase.com\/wp-content\/uploads\/2023\/01\/jubilados-dinero.jpg","post_mailing_queue_ids":[],"_links":{"self":[{"href":"https:\/\/defiendase.com\/index.php\/wp-json\/wp\/v2\/posts\/1281"}],"collection":[{"href":"https:\/\/defiendase.com\/index.php\/wp-json\/wp\/v2\/posts"}],"about":[{"href":"https:\/\/defiendase.com\/index.php\/wp-json\/wp\/v2\/types\/post"}],"author":[{"embeddable":true,"href":"https:\/\/defiendase.com\/index.php\/wp-json\/wp\/v2\/users\/4"}],"replies":[{"embeddable":true,"href":"https:\/\/defiendase.com\/index.php\/wp-json\/wp\/v2\/comments?post=1281"}],"version-history":[{"count":2,"href":"https:\/\/defiendase.com\/index.php\/wp-json\/wp\/v2\/posts\/1281\/revisions"}],"predecessor-version":[{"id":1506,"href":"https:\/\/defiendase.com\/index.php\/wp-json\/wp\/v2\/posts\/1281\/revisions\/1506"}],"wp:featuredmedia":[{"embeddable":true,"href":"https:\/\/defiendase.com\/index.php\/wp-json\/wp\/v2\/media\/1505"}],"wp:attachment":[{"href":"https:\/\/defiendase.com\/index.php\/wp-json\/wp\/v2\/media?parent=1281"}],"wp:term":[{"taxonomy":"category","embeddable":true,"href":"https:\/\/defiendase.com\/index.php\/wp-json\/wp\/v2\/categories?post=1281"},{"taxonomy":"post_tag","embeddable":true,"href":"https:\/\/defiendase.com\/index.php\/wp-json\/wp\/v2\/tags?post=1281"}],"curies":[{"name":"wp","href":"https:\/\/api.w.org\/{rel}","templated":true}]}}