{"id":1275,"date":"2017-11-07T20:56:14","date_gmt":"2017-11-07T20:56:14","guid":{"rendered":"http:\/\/defiendase.impulsatuidea.com\/?p=1275"},"modified":"2023-01-05T20:57:40","modified_gmt":"2023-01-05T20:57:40","slug":"abuelito-dame-tu-parte","status":"publish","type":"post","link":"https:\/\/defiendase.com\/index.php\/abuelito-dame-tu-parte\/","title":{"rendered":"Abuelito dame tu parte"},"content":{"rendered":"\n<h3>\u00bfQu\u00e9 pasa si un padre no puede afrontar la demanda por alimentos? \u00bfQui\u00e9n se hace cargo de la deuda? \u00bfY si no la pueden pagar? Si. La obligaci\u00f3n puede caer en los abuelos del ni\u00f1o.<\/h3>\n\n\n\n<p>Lucia se separ\u00f3 de Esteban hace tres a\u00f1os. \u00c9l se qued\u00f3 hace muy poco sin trabajo y no puede afrontar la cuota alimentaria mensual de su hija. La ex mujer le pidi\u00f3 a la justicia una respuesta y la misma no tard\u00f3 en llegar: le embargaron al abuelo de la nena una parte de su dinero.&nbsp;<strong>El abuelo N\u00e9stor pregunta: \u00bfes correcto que esto pase?<\/strong><\/p>\n\n\n\n<p>La respuesta es afirmativa. El problema econ\u00f3mico de Esteban ser\u00e1 afrontado por su padre, respondi\u00f3 la Dra. Laura Calogero, abogada especialista en derecho de familia. \u0093<strong>Cuando los padres no cumplen con su deber de asistencia familiar, los chicos y\/o sus representantes legales pueden ir contra el patrimonio de los ascendientes\u00a0<\/strong>quienes tienen obligaci\u00f3n alimentaria solo si se acredita que el pap\u00e1 o la mam\u00e1 no tienen recursos.<\/p>\n\n\n\n<figure class=\"wp-block-embed is-type-video is-provider-youtube wp-block-embed-youtube wp-embed-aspect-16-9 wp-has-aspect-ratio\"><div class=\"wp-block-embed__wrapper\">\n<iframe loading=\"lazy\" title=\"Abuelito dame tu - Defiendase.com I\" width=\"640\" height=\"360\" src=\"https:\/\/www.youtube.com\/embed\/H7O4PKMit8E?feature=oembed\" frameborder=\"0\" allow=\"accelerometer; autoplay; clipboard-write; encrypted-media; gyroscope; picture-in-picture; web-share\" allowfullscreen><\/iframe>\n<\/div><\/figure>\n\n\n\n<p>El C\u00f3digo Civil y Comercial establece que,<strong>&nbsp;cuando el padre no paga, o su aporte es insuficiente para cubrir las necesidades de los hijos, el deber de asistencia corresponde a los parientes m\u00e1s pr\u00f3ximos,<\/strong>&nbsp;en este caso, los abuelos. A falta de ellos, tambi\u00e9n estar\u00edan obligados a colaborar, sus hermanos mayores de edad o emancipados independizados.<\/p>\n\n\n\n<p>Esto ocurre luego de probarse que el padre se qued\u00f3 sin trabajo o con alguna discapacidad. Puede darse tambi\u00e9n en el caso de alg\u00fan accidente que los tiene incapacitados moment\u00e1neamente y no pueden generar el dinero necesario.&nbsp;<\/p>\n\n\n\n<p>La ley se\u00f1ala que se pueden reclamar alimentos tanto al progenitor como a los abuelos al mismo tiempo, pero no significa que estos \u00faltimos deban responder en todos los casos. Un fall\u00f3 del a\u00f1o 2016 sent\u00f3 jurisprudencia al se\u00f1alar que\u00a0<strong>la obligaci\u00f3n de los abuelos termina si los padres de los menores est\u00e1n en condiciones de asumir la demanda.<\/strong><\/p>\n\n\n\n<figure class=\"wp-block-embed is-type-video is-provider-youtube wp-block-embed-youtube wp-embed-aspect-16-9 wp-has-aspect-ratio\"><div class=\"wp-block-embed__wrapper\">\n<iframe loading=\"lazy\" title=\"Abuelito dame tu - Defiendase.com II\" width=\"640\" height=\"360\" src=\"https:\/\/www.youtube.com\/embed\/iZl0zAaR5Iw?feature=oembed\" frameborder=\"0\" allow=\"accelerometer; autoplay; clipboard-write; encrypted-media; gyroscope; picture-in-picture; web-share\" allowfullscreen><\/iframe>\n<\/div><\/figure>\n\n\n\n<p>La cuota alimentaria siempre se fija de acuerdo con las necesidades del menor. Pero&nbsp;<strong>\u00bfqu\u00e9 pasa si los abuelos solo cobran la jubilaci\u00f3n m\u00ednima?&nbsp;<\/strong>($7000 aproximadamente). \u0093Entonces a ese hogar ingresan $14.000 y una cuota alimentaria no puede exceder el 20% de ese monto\u0094, explic\u00f3 la abogada.&nbsp;<\/p>\n\n\n\n<p><strong>Mi ex nuera me est\u00e1 reclamando una cuota de $15.000, \u00bfQu\u00e9 puedo hacer?<\/strong><\/p>\n\n\n\n<p>\u0093Su nieta no podr\u00e1 acceder a ella porque&nbsp;<strong>tiene que haber una razonabilidad entre los ingresos y los gastos<\/strong>. La madre tendr\u00e1 que reducirlos o hacerse cargo de un porcentaje\u0094, agreg\u00f3 Calogero y dijo que la justicia deber\u00e1 tener en cuenta que estas personas no son trabajadores activos, sino jubilados.<\/p>\n","protected":false},"excerpt":{"rendered":"<p>\u00bfQu\u00e9 pasa si un padre no puede afrontar la demanda por alimentos? \u00bfQui\u00e9n se hace<\/p>\n","protected":false},"author":4,"featured_media":1276,"comment_status":"open","ping_status":"open","sticky":false,"template":"","format":"standard","meta":{"om_disable_all_campaigns":false,"_monsterinsights_skip_tracking":false,"_monsterinsights_sitenote_active":false,"_monsterinsights_sitenote_note":"","_monsterinsights_sitenote_category":0},"categories":[2],"tags":[],"aioseo_notices":[],"jetpack_featured_media_url":"https:\/\/defiendase.com\/wp-content\/uploads\/2023\/01\/abuelo-nieto.gif","post_mailing_queue_ids":[],"_links":{"self":[{"href":"https:\/\/defiendase.com\/index.php\/wp-json\/wp\/v2\/posts\/1275"}],"collection":[{"href":"https:\/\/defiendase.com\/index.php\/wp-json\/wp\/v2\/posts"}],"about":[{"href":"https:\/\/defiendase.com\/index.php\/wp-json\/wp\/v2\/types\/post"}],"author":[{"embeddable":true,"href":"https:\/\/defiendase.com\/index.php\/wp-json\/wp\/v2\/users\/4"}],"replies":[{"embeddable":true,"href":"https:\/\/defiendase.com\/index.php\/wp-json\/wp\/v2\/comments?post=1275"}],"version-history":[{"count":1,"href":"https:\/\/defiendase.com\/index.php\/wp-json\/wp\/v2\/posts\/1275\/revisions"}],"predecessor-version":[{"id":1277,"href":"https:\/\/defiendase.com\/index.php\/wp-json\/wp\/v2\/posts\/1275\/revisions\/1277"}],"wp:featuredmedia":[{"embeddable":true,"href":"https:\/\/defiendase.com\/index.php\/wp-json\/wp\/v2\/media\/1276"}],"wp:attachment":[{"href":"https:\/\/defiendase.com\/index.php\/wp-json\/wp\/v2\/media?parent=1275"}],"wp:term":[{"taxonomy":"category","embeddable":true,"href":"https:\/\/defiendase.com\/index.php\/wp-json\/wp\/v2\/categories?post=1275"},{"taxonomy":"post_tag","embeddable":true,"href":"https:\/\/defiendase.com\/index.php\/wp-json\/wp\/v2\/tags?post=1275"}],"curies":[{"name":"wp","href":"https:\/\/api.w.org\/{rel}","templated":true}]}}