{"id":1256,"date":"2016-03-21T21:13:29","date_gmt":"2016-03-21T21:13:29","guid":{"rendered":"http:\/\/defiendase.impulsatuidea.com\/?p=1256"},"modified":"2023-01-04T21:14:14","modified_gmt":"2023-01-04T21:14:14","slug":"no-me-pagan-la-pension-que-hago","status":"publish","type":"post","link":"https:\/\/defiendase.com\/index.php\/no-me-pagan-la-pension-que-hago\/","title":{"rendered":"No me pagan la pensi\u00f3n, \u00bfQu\u00e9 hago?"},"content":{"rendered":"\n<p>El pap\u00e1 de Natalia muri\u00f3 en mayo. Todos los meses cobraba la jubilaci\u00f3n. Ahora, como beneficiaria qued\u00f3 su madre pero la ANSES nunca inici\u00f3 el pago de la pensi\u00f3n correspondiente. Mira en esta nota qu\u00e9 hacer y d\u00f3nde reclamar si ten\u00e9s el mismo problema.<\/p>\n\n\n\n<p>Cuando muri\u00f3 su padre, Natalia inici\u00f3 los tr\u00e1mites correspondientes para que Esther, su madre, pueda cobrar la pensi\u00f3n que le correspond\u00eda. Pero asegura que desde el organismo estatal todav\u00eda no le dieron una fecha concreta para empezar con los pagos. Le preguntamos qu\u00e9 se debe hacer en esta situaci\u00f3n a la doctora Carolina Maidana, abogada especialista en derecho jubilatorio.<\/p>\n\n\n\n<p><strong>El principio de la cuesti\u00f3n&#8230;<\/strong><\/p>\n\n\n\n<p>Al comenzar el tr\u00e1mite jubilatorio, la UDAI (Unidad de Atenci\u00f3n Integral) a la que hayan ido le dio una constancia de inicio que tiene un n\u00famero de legajo. En la web de la ANSES, en la ventana de \u00ab<strong>seguimientos de tramites\u00bb<\/strong>, con ese n\u00famero de expediente va a poder ver en qu\u00e9 estado se encuentra el tr\u00e1mite.<\/p>\n\n\n\n<figure class=\"wp-block-embed is-type-video is-provider-youtube wp-block-embed-youtube wp-embed-aspect-16-9 wp-has-aspect-ratio\"><div class=\"wp-block-embed__wrapper\">\n<iframe loading=\"lazy\" title=\"No me pagan la pensi\u00f3n   Dra Carolina Maidana I\" width=\"640\" height=\"360\" src=\"https:\/\/www.youtube.com\/embed\/MEyb4xgk0tY?feature=oembed\" frameborder=\"0\" allow=\"accelerometer; autoplay; clipboard-write; encrypted-media; gyroscope; picture-in-picture; web-share\" allowfullscreen><\/iframe>\n<\/div><\/figure>\n\n\n\n<p><strong>Si la madre de Natalia no sabe usar una computadora, \u00bfpuede hacer el tr\u00e1mite personalmente?<\/strong><\/p>\n\n\n\n<p>Si. Internet facilita las cosas a gran parte de la poblaci\u00f3n pero la gente mayor no est\u00e1 familiarizada con este tema y por eso lo mejor ser\u00eda ir a la UDAI con ese n\u00famero de expediente, con el CUIT de la persona o solo manifestando su nombre y apellido, para saber en qu\u00e9 estado se encuentra el tr\u00e1mite.<\/p>\n\n\n\n<p><strong>Si cada vez que entro a la p\u00e1gina, me muestra que el tr\u00e1mite est\u00e1 en proceso, \u00bfqu\u00e9 hago?<\/strong><\/p>\n\n\n\n<p>En este caso, lo m\u00e1s recomendable es acercarse a la UDAI para ver si lo trabajan o no.<\/p>\n\n\n\n<p><strong>La viuda pregunt\u00f3 si debe reclamar en el banco donde su marido cobraba la jubilaci\u00f3n.<\/strong><\/p>\n\n\n\n<p>Esto es un no rotundo. Todo tipo de reclamo de cualquier prestaci\u00f3n previsional es competencia de ANSES. Cualquier reclamo debe hacerse en la ANSES.<\/p>\n\n\n\n<figure class=\"wp-block-embed is-type-video is-provider-youtube wp-block-embed-youtube wp-embed-aspect-16-9 wp-has-aspect-ratio\"><div class=\"wp-block-embed__wrapper\">\n<iframe loading=\"lazy\" title=\"No me pagan la pensi\u00f3n   Dra Carolina Maidana II OKKK\" width=\"640\" height=\"360\" src=\"https:\/\/www.youtube.com\/embed\/mt2SggTtWKg?feature=oembed\" frameborder=\"0\" allow=\"accelerometer; autoplay; clipboard-write; encrypted-media; gyroscope; picture-in-picture; web-share\" allowfullscreen><\/iframe>\n<\/div><\/figure>\n\n\n\n<p><strong>Un abogado le dijo a Esther que el tr\u00e1mite de la pensi\u00f3n no se inici\u00f3 porque la empresa donde su marido trabajaba quebr\u00f3. \u00bfPuede suceder esto?<\/strong><\/p>\n\n\n\n<p>No. El derecho a la pensi\u00f3n trasciende cualquier tipo de dificultad que hay tenido la empresa. ANSES tiene en sus registros todas relaciones laborales que hayan ocurrido y adem\u00e1s llegado el caso, si la empresa est\u00e1 en quiebra se puede recurrir al s\u00edndico que es la persona que queda encargada de todos los archivos y documentaci\u00f3n de la empresa y se le puede pedir que expida una certificaci\u00f3n de servicios y remuneraciones por el periodo comprendido de esa persona. Hay que ponerse a investigar previamente si hay un s\u00edndico a cargo. Toda prueba que se pueda conseguir para acreditar la relaci\u00f3n laboral es importante. No solo la certificaci\u00f3n de servicios sino recibos de sueldo tambi\u00e9n.<\/p>\n\n\n\n<p><strong>\u00bfLas pensiones son todas iguales?<\/strong><\/p>\n\n\n\n<p>No. Hay dos tipos de pensiones. La pensi\u00f3n directa y la pensi\u00f3n derivada. Esta \u00faltima es la que deriva del fallecimiento de un jubilado o de una persona que ten\u00eda un retiro transitorio por invalidez. Mientras que la pensi\u00f3n directa es la que surge del fallecimiento de un trabajador que estaba en actividad, detalla Maidana.<\/p>\n\n\n\n<p><strong>Si fallece un trabajador afiliado que estaba en actividad, \u00bfQu\u00e9 derechos tiene su esposa?<\/strong><\/p>\n\n\n\n<p>Seg\u00fan el decreto 460\/99 que reglamenta el art 95, hay distintas variantes y por eso hay que analizar la historia previsional del causante personalmente para determinar si la esposa o la conviviente tiene realmente acceso a la pensi\u00f3n. De ese trabajador fallecido, se debe pedir la sabana de aportes y ver durante cu\u00e1nto tiempo aport\u00f3, ya sea como aut\u00f3nomo o en relaci\u00f3n de dependencia.&nbsp;<\/p>\n\n\n\n<p><strong>Para saber cu\u00e1nto le corresponde a la pareja debemos analizar lo siguiente:<\/strong><\/p>\n\n\n\n<p>-Si al afiliado en relaci\u00f3n de dependencia se le efectuaron las retenciones durante 30 meses dentro de los \u00faltimos 36 antes del fallecimiento, el afiliado entra en la categor\u00eda de \u00abregular con derecho\u00bb y el derecho habiente tiene la prerrogativa de percibir un 70% del ingreso base del haber del afiliado.<\/p>\n\n\n\n<p>-Tambi\u00e9n ser\u00e1 regular con derecho cuando tenga el minino de a\u00f1os de servicios para obtener la jubilaci\u00f3n (30 a\u00f1os de aportes).<\/p>\n\n\n\n<p>-Si el trabajador tiene 15 a\u00f1os con aportes, tambi\u00e9n se lo considera afiliado irregular con derecho, siempre que tenga 12 meses de aportes en los \u00faltimos 60 meses anteriores al fallecimiento.<\/p>\n\n\n\n<p>-Cuando la persona aport\u00f3 18 meses dentro de los \u00faltimos 36 anteriores al fallecimiento, se considera irregular con derecho y la pensionada pasa cobrar un 50%. del ingreso base del afiliado en actividad.<\/p>\n\n\n\n<p>-Y en el caso de no alcanzar a ninguno de los supuestos anteriores, la esposa es \u00abirregular sin derecho\u00bb, es decir, no tiene posibilidades de obtener la prestaci\u00f3n.<\/p>\n","protected":false},"excerpt":{"rendered":"<p>El pap\u00e1 de Natalia muri\u00f3 en mayo. Todos los meses cobraba la jubilaci\u00f3n. Ahora, como<\/p>\n","protected":false},"author":4,"featured_media":1258,"comment_status":"open","ping_status":"open","sticky":false,"template":"","format":"standard","meta":{"om_disable_all_campaigns":false,"_monsterinsights_skip_tracking":false,"_monsterinsights_sitenote_active":false,"_monsterinsights_sitenote_note":"","_monsterinsights_sitenote_category":0},"categories":[2],"tags":[242,244,245,241],"aioseo_notices":[],"jetpack_featured_media_url":"https:\/\/defiendase.com\/wp-content\/uploads\/2023\/01\/pension-1.gif","post_mailing_queue_ids":[],"_links":{"self":[{"href":"https:\/\/defiendase.com\/index.php\/wp-json\/wp\/v2\/posts\/1256"}],"collection":[{"href":"https:\/\/defiendase.com\/index.php\/wp-json\/wp\/v2\/posts"}],"about":[{"href":"https:\/\/defiendase.com\/index.php\/wp-json\/wp\/v2\/types\/post"}],"author":[{"embeddable":true,"href":"https:\/\/defiendase.com\/index.php\/wp-json\/wp\/v2\/users\/4"}],"replies":[{"embeddable":true,"href":"https:\/\/defiendase.com\/index.php\/wp-json\/wp\/v2\/comments?post=1256"}],"version-history":[{"count":1,"href":"https:\/\/defiendase.com\/index.php\/wp-json\/wp\/v2\/posts\/1256\/revisions"}],"predecessor-version":[{"id":1260,"href":"https:\/\/defiendase.com\/index.php\/wp-json\/wp\/v2\/posts\/1256\/revisions\/1260"}],"wp:featuredmedia":[{"embeddable":true,"href":"https:\/\/defiendase.com\/index.php\/wp-json\/wp\/v2\/media\/1258"}],"wp:attachment":[{"href":"https:\/\/defiendase.com\/index.php\/wp-json\/wp\/v2\/media?parent=1256"}],"wp:term":[{"taxonomy":"category","embeddable":true,"href":"https:\/\/defiendase.com\/index.php\/wp-json\/wp\/v2\/categories?post=1256"},{"taxonomy":"post_tag","embeddable":true,"href":"https:\/\/defiendase.com\/index.php\/wp-json\/wp\/v2\/tags?post=1256"}],"curies":[{"name":"wp","href":"https:\/\/api.w.org\/{rel}","templated":true}]}}