{"id":1237,"date":"2022-11-15T18:54:58","date_gmt":"2022-11-15T18:54:58","guid":{"rendered":"http:\/\/defiendase.impulsatuidea.com\/?p=1237"},"modified":"2023-05-02T18:24:41","modified_gmt":"2023-05-02T21:24:41","slug":"los-colegios-y-la-inclusion","status":"publish","type":"post","link":"https:\/\/defiendase.com\/index.php\/los-colegios-y-la-inclusion\/","title":{"rendered":"Los colegios y la inclusi\u00f3n"},"content":{"rendered":"\n<p>El derecho a estudiar contra el derecho de admisi\u00f3n de la escuela.<\/p>\n\n\n\n<figure class=\"wp-block-image size-large\"><img loading=\"lazy\" width=\"1024\" height=\"683\" src=\"http:\/\/defiendase.com\/wp-content\/uploads\/2023\/01\/inclusion-1024x683.jpg\" alt=\"\" class=\"wp-image-1238\" srcset=\"https:\/\/defiendase.com\/wp-content\/uploads\/2023\/01\/inclusion-1024x683.jpg 1024w, https:\/\/defiendase.com\/wp-content\/uploads\/2023\/01\/inclusion-300x200.jpg 300w, https:\/\/defiendase.com\/wp-content\/uploads\/2023\/01\/inclusion-768x512.jpg 768w, https:\/\/defiendase.com\/wp-content\/uploads\/2023\/01\/inclusion-1536x1024.jpg 1536w, https:\/\/defiendase.com\/wp-content\/uploads\/2023\/01\/inclusion-600x400.jpg 600w, https:\/\/defiendase.com\/wp-content\/uploads\/2023\/01\/inclusion.jpg 1920w\" sizes=\"(max-width: 1024px) 100vw, 1024px\" \/><\/figure>\n\n\n\n<p>En esta \u00e9poca se abre la inscripci\u00f3n en los colegios para el ciclo que viene. Hay colegios que no<br>admiten alumnos con discapacidad con necesidad de integraci\u00f3n y otros han notificado que no<br>renuevan matr\u00edcula. Hay un muy sonado caso de un colegio de Pilar en los \u00faltimos d\u00edas, que<br>decidi\u00f3 cerrar sus puertas cuando lo intimaron a mantener en la matr\u00edcula a varios alumnos con<br>discapacidad.<\/p>\n\n\n\n<p><br>\u00bfQu\u00e9 pasa si en tu familia hay un caso parecido, qu\u00e9 hacer ante estas decisiones que nos ponen<br>ante una situaci\u00f3n de impotencia e injusticia?<br>Tiene derecho el colegio? Tiene derecho el alumno y su familia?<\/p>\n\n\n\n<p>La Dra. Romina Nu\u00f1ez , especialista en el tema nos cuenta qu\u00e9 puede pasar.<\/p>\n\n\n\n<figure class=\"wp-block-embed is-type-video is-provider-youtube wp-block-embed-youtube wp-embed-aspect-4-3 wp-has-aspect-ratio\"><div class=\"wp-block-embed__wrapper\">\n<iframe loading=\"lazy\" title=\"LOS COLEGIOS Y LA INCLUSION\" width=\"640\" height=\"480\" src=\"https:\/\/www.youtube.com\/embed\/l5juQJ652Yc?feature=oembed\" frameborder=\"0\" allow=\"accelerometer; autoplay; clipboard-write; encrypted-media; gyroscope; picture-in-picture\" allowfullscreen><\/iframe>\n<\/div><\/figure>\n\n\n\n<p>Si quer\u00e9s ampliar tu informaci\u00f3n en relaci\u00f3n con este tema la Dra romina Nu\u00f1ez nos dej\u00f3 esta<br>s\u00edntesis sobre el derecho de las familias a lograr la mejor educaci\u00f3n para sus hijos con discapacidad:&nbsp;<\/p>\n\n\n\n<figure class=\"wp-block-image size-full\"><img loading=\"lazy\" width=\"1024\" height=\"768\" src=\"http:\/\/defiendase.com\/wp-content\/uploads\/2023\/01\/infografia-inclusion-por-discapacidad.png\" alt=\"\" class=\"wp-image-1239\" srcset=\"https:\/\/defiendase.com\/wp-content\/uploads\/2023\/01\/infografia-inclusion-por-discapacidad.png 1024w, https:\/\/defiendase.com\/wp-content\/uploads\/2023\/01\/infografia-inclusion-por-discapacidad-300x225.png 300w, https:\/\/defiendase.com\/wp-content\/uploads\/2023\/01\/infografia-inclusion-por-discapacidad-768x576.png 768w, https:\/\/defiendase.com\/wp-content\/uploads\/2023\/01\/infografia-inclusion-por-discapacidad-720x540.png 720w, https:\/\/defiendase.com\/wp-content\/uploads\/2023\/01\/infografia-inclusion-por-discapacidad-600x450.png 600w\" sizes=\"(max-width: 1024px) 100vw, 1024px\" \/><\/figure>\n","protected":false},"excerpt":{"rendered":"<p>El derecho a estudiar contra el derecho de admisi\u00f3n de la escuela. En esta \u00e9poca<\/p>\n","protected":false},"author":4,"featured_media":1240,"comment_status":"open","ping_status":"open","sticky":false,"template":"","format":"standard","meta":{"om_disable_all_campaigns":false,"_monsterinsights_skip_tracking":false,"_monsterinsights_sitenote_active":false,"_monsterinsights_sitenote_note":"","_monsterinsights_sitenote_category":0},"categories":[16],"tags":[],"aioseo_notices":[],"jetpack_featured_media_url":"https:\/\/defiendase.com\/wp-content\/uploads\/2023\/01\/inclusion-1.jpg","post_mailing_queue_ids":[],"_links":{"self":[{"href":"https:\/\/defiendase.com\/index.php\/wp-json\/wp\/v2\/posts\/1237"}],"collection":[{"href":"https:\/\/defiendase.com\/index.php\/wp-json\/wp\/v2\/posts"}],"about":[{"href":"https:\/\/defiendase.com\/index.php\/wp-json\/wp\/v2\/types\/post"}],"author":[{"embeddable":true,"href":"https:\/\/defiendase.com\/index.php\/wp-json\/wp\/v2\/users\/4"}],"replies":[{"embeddable":true,"href":"https:\/\/defiendase.com\/index.php\/wp-json\/wp\/v2\/comments?post=1237"}],"version-history":[{"count":3,"href":"https:\/\/defiendase.com\/index.php\/wp-json\/wp\/v2\/posts\/1237\/revisions"}],"predecessor-version":[{"id":3399,"href":"https:\/\/defiendase.com\/index.php\/wp-json\/wp\/v2\/posts\/1237\/revisions\/3399"}],"wp:featuredmedia":[{"embeddable":true,"href":"https:\/\/defiendase.com\/index.php\/wp-json\/wp\/v2\/media\/1240"}],"wp:attachment":[{"href":"https:\/\/defiendase.com\/index.php\/wp-json\/wp\/v2\/media?parent=1237"}],"wp:term":[{"taxonomy":"category","embeddable":true,"href":"https:\/\/defiendase.com\/index.php\/wp-json\/wp\/v2\/categories?post=1237"},{"taxonomy":"post_tag","embeddable":true,"href":"https:\/\/defiendase.com\/index.php\/wp-json\/wp\/v2\/tags?post=1237"}],"curies":[{"name":"wp","href":"https:\/\/api.w.org\/{rel}","templated":true}]}}